{"id":110,"count":1,"description":"","link":"https:\/\/cepa.epagri.sc.gov.br\/index.php\/tag\/avicultura-agroindustria-abate-regionalizacao-santa-catarina\/","name":"avicultura; agroind\u00fastria; abate; regionaliza\u00e7\u00e3o; Santa Catarina","slug":"avicultura-agroindustria-abate-regionalizacao-santa-catarina","taxonomy":"post_tag","meta":[],"_links":{"self":[{"href":"https:\/\/cepa.epagri.sc.gov.br\/index.php\/wp-json\/wp\/v2\/tags\/110","targetHints":{"allow":["GET"]}}],"collection":[{"href":"https:\/\/cepa.epagri.sc.gov.br\/index.php\/wp-json\/wp\/v2\/tags"}],"about":[{"href":"https:\/\/cepa.epagri.sc.gov.br\/index.php\/wp-json\/wp\/v2\/taxonomies\/post_tag"}],"wp:post_type":[{"href":"https:\/\/cepa.epagri.sc.gov.br\/index.php\/wp-json\/wp\/v2\/posts?tags=110"}],"curies":[{"name":"wp","href":"https:\/\/api.w.org\/{rel}","templated":true}]}}