{"id":9974,"date":"2020-11-13T14:52:22","date_gmt":"2020-11-13T17:52:22","guid":{"rendered":"https:\/\/cepa.epagri.sc.gov.br\/?p=9974"},"modified":"2022-05-09T16:22:45","modified_gmt":"2022-05-09T19:22:45","slug":"a-regiao-dos-vinhos-de-altitude-de-santa-catarina-em-busca-de-uma-indicacao-de-procedencia","status":"publish","type":"post","link":"https:\/\/cepa.epagri.sc.gov.br\/index.php\/a-regiao-dos-vinhos-de-altitude-de-santa-catarina-em-busca-de-uma-indicacao-de-procedencia\/","title":{"rendered":"A regi\u00e3o dos vinhos de altitude de Santa Catarina: em busca de uma indica\u00e7\u00e3o de proced\u00eancia"},"content":{"rendered":"\t\t<div data-elementor-type=\"wp-post\" data-elementor-id=\"9974\" class=\"elementor elementor-9974\">\n\t\t\t\t\t\t<section class=\"elementor-section elementor-top-section elementor-element elementor-element-63c0054 elementor-section-boxed elementor-section-height-default elementor-section-height-default wpr-particle-no wpr-jarallax-no wpr-parallax-no wpr-sticky-section-no wpr-equal-height-no\" data-id=\"63c0054\" data-element_type=\"section\" data-e-type=\"section\">\n\t\t\t\t\t\t<div class=\"elementor-container elementor-column-gap-default\">\n\t\t\t\t\t<div class=\"elementor-column elementor-col-100 elementor-top-column elementor-element elementor-element-09d5240\" data-id=\"09d5240\" data-element_type=\"column\" data-e-type=\"column\">\n\t\t\t<div class=\"elementor-widget-wrap elementor-element-populated\">\n\t\t\t\t\t\t<div class=\"elementor-element elementor-element-286fa08 elementor-widget elementor-widget-text-editor\" data-id=\"286fa08\" data-element_type=\"widget\" data-e-type=\"widget\" data-widget_type=\"text-editor.default\">\n\t\t\t\t<div class=\"elementor-widget-container\">\n\t\t\t\t\t\t\t\t\t<p>Na regi\u00e3o dos vinhos de altitude catarinense existem algumas caracter\u00edsticas regionais especiais da produ\u00e7\u00e3o, como altitude e frio, que favorecem o desenvolvimento de frutas temperadas, principalmente ma\u00e7\u00e3, uva, p\u00eassego, ameixa e goiaba serrana, uma fruta nativa da regi\u00e3o. A viticultura \u00e9 tradicional em v\u00e1rias regi\u00f5es do estado. Na d\u00e9cada de 1990, novas \u00e1reas come\u00e7aram a se destacar, como a regi\u00e3o de altitude. O Brasil busca definir uma identidade para seus vinhos, com produ\u00e7\u00e3o de qualidade em regi\u00f5es espec\u00edficas. A indica\u00e7\u00e3o geogr\u00e1fica \u00e9 uma op\u00e7\u00e3o para melhorar a identidade e aumentar a competitividade. Nos anos 2000, a pesquisa se intensificou para desenvolver o potencial regional para a produ\u00e7\u00e3o de uvas e vinhos finos. Assim, os produtores associados de &#8220;vinhos de altitude&#8221; est\u00e3o solicitando o registro da IG. Desde ent\u00e3o, a regi\u00e3o passou a receber investimentos para a implanta\u00e7\u00e3o de vinhedos e vin\u00edcolas. <a href=\"https:\/\/docweb.epagri.sc.gov.br\/website_cepa\/Artigos\/Vinhos_de_Altitude_de_Santa_Catarina_SOBER_2020.pdf\">Artigo na integra<\/a><\/p><p>Ano: 2020<br \/><br \/>Autores:<br \/>L\u00e9o Teobaldo Kroth; <br \/>Rog\u00e9rio Goulart J\u00fanior; <br \/>Janice Maria Waintuch Reiter<\/p>\t\t\t\t\t\t\t\t<\/div>\n\t\t\t\t<\/div>\n\t\t\t\t\t<\/div>\n\t\t<\/div>\n\t\t\t\t\t<\/div>\n\t\t<\/section>\n\t\t\t\t<\/div>\n\t\t","protected":false},"excerpt":{"rendered":"<p>Na regi\u00e3o dos vinhos de altitude catarinense existem algumas caracter\u00edsticas regionais especiais da produ\u00e7\u00e3o, como altitude e frio, que favorecem o desenvolvimento de frutas temperadas, principalmente ma\u00e7\u00e3, uva, p\u00eassego, ameixa e goiaba serrana, uma fruta nativa da regi\u00e3o. A viticultura \u00e9 tradicional em v\u00e1rias regi\u00f5es do estado. Na d\u00e9cada de 1990, novas \u00e1reas come\u00e7aram a se destacar, como a regi\u00e3o de altitude. O Brasil busca definir uma identidade para seus vinhos, com produ\u00e7\u00e3o de qualidade em regi\u00f5es espec\u00edficas. A indica\u00e7\u00e3o geogr\u00e1fica \u00e9 uma op\u00e7\u00e3o para melhorar a identidade e aumentar a competitividade. Nos anos 2000, a pesquisa se intensificou para desenvolver o potencial regional para a produ\u00e7\u00e3o de uvas e vinhos finos. Assim, os produtores associados de &#8220;vinhos de altitude&#8221; est\u00e3o solicitando o registro da IG. Desde ent\u00e3o, a regi\u00e3o passou a receber investimentos para a implanta\u00e7\u00e3o de vinhedos e vin\u00edcolas. Artigo na integra Ano: 2020 Autores:L\u00e9o Teobaldo Kroth; Rog\u00e9rio Goulart J\u00fanior; Janice Maria Waintuch Reiter<\/p>\n","protected":false},"author":3,"featured_media":0,"comment_status":"closed","ping_status":"closed","sticky":false,"template":"","format":"standard","meta":{"ocean_post_layout":"","ocean_both_sidebars_style":"","ocean_both_sidebars_content_width":0,"ocean_both_sidebars_sidebars_width":0,"ocean_sidebar":"0","ocean_second_sidebar":"0","ocean_disable_margins":"enable","ocean_add_body_class":"","ocean_shortcode_before_top_bar":"","ocean_shortcode_after_top_bar":"","ocean_shortcode_before_header":"","ocean_shortcode_after_header":"","ocean_has_shortcode":"","ocean_shortcode_after_title":"","ocean_shortcode_before_footer_widgets":"","ocean_shortcode_after_footer_widgets":"","ocean_shortcode_before_footer_bottom":"","ocean_shortcode_after_footer_bottom":"","ocean_display_top_bar":"default","ocean_display_header":"default","ocean_header_style":"","ocean_center_header_left_menu":"0","ocean_custom_header_template":"0","ocean_custom_logo":0,"ocean_custom_retina_logo":0,"ocean_custom_logo_max_width":0,"ocean_custom_logo_tablet_max_width":0,"ocean_custom_logo_mobile_max_width":0,"ocean_custom_logo_max_height":0,"ocean_custom_logo_tablet_max_height":0,"ocean_custom_logo_mobile_max_height":0,"ocean_header_custom_menu":"0","ocean_menu_typo_font_family":"0","ocean_menu_typo_font_subset":"","ocean_menu_typo_font_size":0,"ocean_menu_typo_font_size_tablet":0,"ocean_menu_typo_font_size_mobile":0,"ocean_menu_typo_font_size_unit":"px","ocean_menu_typo_font_weight":"","ocean_menu_typo_font_weight_tablet":"","ocean_menu_typo_font_weight_mobile":"","ocean_menu_typo_transform":"","ocean_menu_typo_transform_tablet":"","ocean_menu_typo_transform_mobile":"","ocean_menu_typo_line_height":0,"ocean_menu_typo_line_height_tablet":0,"ocean_menu_typo_line_height_mobile":0,"ocean_menu_typo_line_height_unit":"","ocean_menu_typo_spacing":0,"ocean_menu_typo_spacing_tablet":0,"ocean_menu_typo_spacing_mobile":0,"ocean_menu_typo_spacing_unit":"","ocean_menu_link_color":"","ocean_menu_link_color_hover":"","ocean_menu_link_color_active":"","ocean_menu_link_background":"","ocean_menu_link_hover_background":"","ocean_menu_link_active_background":"","ocean_menu_social_links_bg":"","ocean_menu_social_hover_links_bg":"","ocean_menu_social_links_color":"","ocean_menu_social_hover_links_color":"","ocean_disable_title":"default","ocean_disable_heading":"default","ocean_post_title":"","ocean_post_subheading":"","ocean_post_title_style":"","ocean_post_title_background_color":"","ocean_post_title_background":0,"ocean_post_title_bg_image_position":"","ocean_post_title_bg_image_attachment":"","ocean_post_title_bg_image_repeat":"","ocean_post_title_bg_image_size":"","ocean_post_title_height":0,"ocean_post_title_bg_overlay":0.5,"ocean_post_title_bg_overlay_color":"","ocean_disable_breadcrumbs":"default","ocean_breadcrumbs_color":"","ocean_breadcrumbs_separator_color":"","ocean_breadcrumbs_links_color":"","ocean_breadcrumbs_links_hover_color":"","ocean_display_footer_widgets":"default","ocean_display_footer_bottom":"default","ocean_custom_footer_template":"0","ocean_post_oembed":"","ocean_post_self_hosted_media":"","ocean_post_video_embed":"","ocean_link_format":"","ocean_link_format_target":"self","ocean_quote_format":"","ocean_quote_format_link":"post","ocean_gallery_link_images":"off","ocean_gallery_id":[],"footnotes":""},"categories":[11],"tags":[34,64,37,78,63],"class_list":["post-9974","post","type-post","status-publish","format-standard","hentry","category-artigos","tag-economia-agricola","tag-indicacao-geografica","tag-santa-catarina","tag-vinhos-de-altitude","tag-vitivinicultura","entry"],"_links":{"self":[{"href":"https:\/\/cepa.epagri.sc.gov.br\/index.php\/wp-json\/wp\/v2\/posts\/9974","targetHints":{"allow":["GET"]}}],"collection":[{"href":"https:\/\/cepa.epagri.sc.gov.br\/index.php\/wp-json\/wp\/v2\/posts"}],"about":[{"href":"https:\/\/cepa.epagri.sc.gov.br\/index.php\/wp-json\/wp\/v2\/types\/post"}],"author":[{"embeddable":true,"href":"https:\/\/cepa.epagri.sc.gov.br\/index.php\/wp-json\/wp\/v2\/users\/3"}],"replies":[{"embeddable":true,"href":"https:\/\/cepa.epagri.sc.gov.br\/index.php\/wp-json\/wp\/v2\/comments?post=9974"}],"version-history":[{"count":10,"href":"https:\/\/cepa.epagri.sc.gov.br\/index.php\/wp-json\/wp\/v2\/posts\/9974\/revisions"}],"predecessor-version":[{"id":9984,"href":"https:\/\/cepa.epagri.sc.gov.br\/index.php\/wp-json\/wp\/v2\/posts\/9974\/revisions\/9984"}],"wp:attachment":[{"href":"https:\/\/cepa.epagri.sc.gov.br\/index.php\/wp-json\/wp\/v2\/media?parent=9974"}],"wp:term":[{"taxonomy":"category","embeddable":true,"href":"https:\/\/cepa.epagri.sc.gov.br\/index.php\/wp-json\/wp\/v2\/categories?post=9974"},{"taxonomy":"post_tag","embeddable":true,"href":"https:\/\/cepa.epagri.sc.gov.br\/index.php\/wp-json\/wp\/v2\/tags?post=9974"}],"curies":[{"name":"wp","href":"https:\/\/api.w.org\/{rel}","templated":true}]}}