{"id":9969,"date":"2020-11-13T14:42:58","date_gmt":"2020-11-13T17:42:58","guid":{"rendered":"https:\/\/cepa.epagri.sc.gov.br\/?p=9969"},"modified":"2022-05-09T16:23:26","modified_gmt":"2022-05-09T19:23:26","slug":"aspectos-socioeconomicos-da-regiao-de-sao-joaquim-sc-perspectivas-para-indicacao-geografica-da-maca-fuji","status":"publish","type":"post","link":"https:\/\/cepa.epagri.sc.gov.br\/index.php\/aspectos-socioeconomicos-da-regiao-de-sao-joaquim-sc-perspectivas-para-indicacao-geografica-da-maca-fuji\/","title":{"rendered":"Aspectos socioecon\u00f4micos da regi\u00e3o de S\u00e3o Joaquim (SC): Perspectivas para indica\u00e7\u00e3o geogr\u00e1fica da ma\u00e7\u00e3 Fuji"},"content":{"rendered":"\t\t<div data-elementor-type=\"wp-post\" data-elementor-id=\"9969\" class=\"elementor elementor-9969\">\n\t\t\t\t\t\t<section class=\"elementor-section elementor-top-section elementor-element elementor-element-705ffa5 elementor-section-boxed elementor-section-height-default elementor-section-height-default wpr-particle-no wpr-jarallax-no wpr-parallax-no wpr-sticky-section-no wpr-equal-height-no\" data-id=\"705ffa5\" data-element_type=\"section\" data-e-type=\"section\">\n\t\t\t\t\t\t<div class=\"elementor-container elementor-column-gap-default\">\n\t\t\t\t\t<div class=\"elementor-column elementor-col-100 elementor-top-column elementor-element elementor-element-fc48fc8\" data-id=\"fc48fc8\" data-element_type=\"column\" data-e-type=\"column\">\n\t\t\t<div class=\"elementor-widget-wrap elementor-element-populated\">\n\t\t\t\t\t\t<div class=\"elementor-element elementor-element-bebdda6 elementor-widget elementor-widget-text-editor\" data-id=\"bebdda6\" data-element_type=\"widget\" data-e-type=\"widget\" data-widget_type=\"text-editor.default\">\n\t\t\t\t<div class=\"elementor-widget-container\">\n\t\t\t\t\t\t\t\t\t<p>A Lei brasileira 9.279\/1996, que regula os direitos e obriga\u00e7\u00f5es da propriedade industrial, define que uma Indica\u00e7\u00e3o Geogr\u00e1fica de Denomina\u00e7\u00e3o de Origem (DO) indica o nome do local para designar um produto ou servi\u00e7o, cujas qualidades ou caracter\u00edsticas devem ser determinadas pelo ambiente geogr\u00e1fico, com a inclus\u00e3o de recursos naturais e de fatores humanos (FERREIRA et al, 2013; PIMENTEL, 2013). Na regi\u00e3o de produ\u00e7\u00e3o da ma\u00e7\u00e3 Fuji de S\u00e3o Joaquim, em Santa Catarina, o ambiente natural define caracter\u00edsticas peculiares \u00e0 ma\u00e7\u00e3 Fuji produzida em altitudes acima de 1.100 metros e com horas de frio acumuladas acima da m\u00e9dia brasileira. Isso despertou o interesse da associa\u00e7\u00e3o de produtores locais em desenvolver o processo de registro da modalidade de&nbsp; Denomina\u00e7\u00e3o de Origem (DO) no INPI.&nbsp; Este artigo analisa caracter\u00edsticas socioecon\u00f4micas municipais relacionadas \u00e0&nbsp; produ\u00e7\u00e3o de&nbsp; ma\u00e7\u00e3s na regi\u00e3o,&nbsp; com indicadores&nbsp; demogr\u00e1ficos,&nbsp; produtivos e&nbsp; econ\u00f4micos&nbsp; do territ\u00f3rios.<span style=\"color: #929292; font-family: Roboto; font-size: 14px; font-style: normal; font-variant-ligatures: normal; font-variant-caps: normal; font-weight: 400;\">&nbsp;<\/span><span style=\"color: #929292; font-family: Roboto; font-size: 14px; font-style: normal; font-variant-ligatures: normal; font-variant-caps: normal; font-weight: 400;\">&nbsp;<br>&nbsp;<\/span><a style=\"font-family: Roboto; font-size: 14px; font-style: normal; font-variant-ligatures: normal; font-variant-caps: normal; font-weight: 400; background-color: #ffffff;\" href=\"https:\/\/docweb.epagri.sc.gov.br\/website_cepa\/Artigos\/Aspectos_Socioeconomicos_regiao_Sao_Joaquim_maca_Fuji_SOBER_2020.pdf\">Artigo na integra<\/a><\/p>\n<p style=\"font-variant-ligatures: normal; font-variant-caps: normal; font-family: Roboto; font-size: 14px; font-style: normal; font-weight: 400; color: #929292;\">Ano: 2020<\/p>\n<p style=\"font-variant-ligatures: normal; font-variant-caps: normal; font-family: Roboto; font-size: 14px; font-style: normal; font-weight: 400; color: #929292;\">Autores:<br>Rog\u00e9rio Goulart J\u00fanior; <br>L\u00e9o Teobaldo Kroth<\/p>\t\t\t\t\t\t\t\t<\/div>\n\t\t\t\t<\/div>\n\t\t\t\t\t<\/div>\n\t\t<\/div>\n\t\t\t\t\t<\/div>\n\t\t<\/section>\n\t\t\t\t<\/div>\n\t\t","protected":false},"excerpt":{"rendered":"<p>A Lei brasileira 9.279\/1996, que regula os direitos e obriga\u00e7\u00f5es da propriedade industrial, define que uma Indica\u00e7\u00e3o Geogr\u00e1fica de Denomina\u00e7\u00e3o de Origem (DO) indica o nome do local para designar um produto ou servi\u00e7o, cujas qualidades ou caracter\u00edsticas devem ser determinadas pelo ambiente geogr\u00e1fico, com a inclus\u00e3o de recursos naturais e de fatores humanos (FERREIRA et al, 2013; PIMENTEL, 2013). Na regi\u00e3o de produ\u00e7\u00e3o da ma\u00e7\u00e3 Fuji de S\u00e3o Joaquim, em Santa Catarina, o ambiente natural define caracter\u00edsticas peculiares \u00e0 ma\u00e7\u00e3 Fuji produzida em altitudes acima de 1.100 metros e com horas de frio acumuladas acima da m\u00e9dia brasileira. Isso despertou o interesse da associa\u00e7\u00e3o de produtores locais em desenvolver o processo de registro da modalidade de&nbsp; Denomina\u00e7\u00e3o de Origem (DO) no INPI.&nbsp; Este artigo analisa caracter\u00edsticas socioecon\u00f4micas municipais relacionadas \u00e0&nbsp; produ\u00e7\u00e3o de&nbsp; ma\u00e7\u00e3s na regi\u00e3o,&nbsp; com indicadores&nbsp; demogr\u00e1ficos,&nbsp; produtivos e&nbsp; econ\u00f4micos&nbsp; do territ\u00f3rios.&nbsp;&nbsp;&nbsp;Artigo na integra Ano: 2020 Autores:Rog\u00e9rio Goulart J\u00fanior; L\u00e9o Teobaldo Kroth<\/p>\n","protected":false},"author":3,"featured_media":0,"comment_status":"closed","ping_status":"closed","sticky":false,"template":"","format":"standard","meta":{"ocean_post_layout":"","ocean_both_sidebars_style":"","ocean_both_sidebars_content_width":0,"ocean_both_sidebars_sidebars_width":0,"ocean_sidebar":"0","ocean_second_sidebar":"0","ocean_disable_margins":"enable","ocean_add_body_class":"","ocean_shortcode_before_top_bar":"","ocean_shortcode_after_top_bar":"","ocean_shortcode_before_header":"","ocean_shortcode_after_header":"","ocean_has_shortcode":"","ocean_shortcode_after_title":"","ocean_shortcode_before_footer_widgets":"","ocean_shortcode_after_footer_widgets":"","ocean_shortcode_before_footer_bottom":"","ocean_shortcode_after_footer_bottom":"","ocean_display_top_bar":"default","ocean_display_header":"default","ocean_header_style":"","ocean_center_header_left_menu":"0","ocean_custom_header_template":"0","ocean_custom_logo":0,"ocean_custom_retina_logo":0,"ocean_custom_logo_max_width":0,"ocean_custom_logo_tablet_max_width":0,"ocean_custom_logo_mobile_max_width":0,"ocean_custom_logo_max_height":0,"ocean_custom_logo_tablet_max_height":0,"ocean_custom_logo_mobile_max_height":0,"ocean_header_custom_menu":"0","ocean_menu_typo_font_family":"0","ocean_menu_typo_font_subset":"","ocean_menu_typo_font_size":0,"ocean_menu_typo_font_size_tablet":0,"ocean_menu_typo_font_size_mobile":0,"ocean_menu_typo_font_size_unit":"px","ocean_menu_typo_font_weight":"","ocean_menu_typo_font_weight_tablet":"","ocean_menu_typo_font_weight_mobile":"","ocean_menu_typo_transform":"","ocean_menu_typo_transform_tablet":"","ocean_menu_typo_transform_mobile":"","ocean_menu_typo_line_height":0,"ocean_menu_typo_line_height_tablet":0,"ocean_menu_typo_line_height_mobile":0,"ocean_menu_typo_line_height_unit":"","ocean_menu_typo_spacing":0,"ocean_menu_typo_spacing_tablet":0,"ocean_menu_typo_spacing_mobile":0,"ocean_menu_typo_spacing_unit":"","ocean_menu_link_color":"","ocean_menu_link_color_hover":"","ocean_menu_link_color_active":"","ocean_menu_link_background":"","ocean_menu_link_hover_background":"","ocean_menu_link_active_background":"","ocean_menu_social_links_bg":"","ocean_menu_social_hover_links_bg":"","ocean_menu_social_links_color":"","ocean_menu_social_hover_links_color":"","ocean_disable_title":"default","ocean_disable_heading":"default","ocean_post_title":"","ocean_post_subheading":"","ocean_post_title_style":"","ocean_post_title_background_color":"","ocean_post_title_background":0,"ocean_post_title_bg_image_position":"","ocean_post_title_bg_image_attachment":"","ocean_post_title_bg_image_repeat":"","ocean_post_title_bg_image_size":"","ocean_post_title_height":0,"ocean_post_title_bg_overlay":0.5,"ocean_post_title_bg_overlay_color":"","ocean_disable_breadcrumbs":"default","ocean_breadcrumbs_color":"","ocean_breadcrumbs_separator_color":"","ocean_breadcrumbs_links_color":"","ocean_breadcrumbs_links_hover_color":"","ocean_display_footer_widgets":"default","ocean_display_footer_bottom":"default","ocean_custom_footer_template":"0","ocean_post_oembed":"","ocean_post_self_hosted_media":"","ocean_post_video_embed":"","ocean_link_format":"","ocean_link_format_target":"self","ocean_quote_format":"","ocean_quote_format_link":"post","ocean_gallery_link_images":"off","ocean_gallery_id":[],"footnotes":""},"categories":[11],"tags":[34,112,64,75,76],"class_list":["post-9969","post","type-post","status-publish","format-standard","hentry","category-artigos","tag-economia-agricola","tag-estudos-socioeconomicos","tag-indicacao-geografica","tag-maca-fuji","tag-sao-joaquim","entry"],"_links":{"self":[{"href":"https:\/\/cepa.epagri.sc.gov.br\/index.php\/wp-json\/wp\/v2\/posts\/9969","targetHints":{"allow":["GET"]}}],"collection":[{"href":"https:\/\/cepa.epagri.sc.gov.br\/index.php\/wp-json\/wp\/v2\/posts"}],"about":[{"href":"https:\/\/cepa.epagri.sc.gov.br\/index.php\/wp-json\/wp\/v2\/types\/post"}],"author":[{"embeddable":true,"href":"https:\/\/cepa.epagri.sc.gov.br\/index.php\/wp-json\/wp\/v2\/users\/3"}],"replies":[{"embeddable":true,"href":"https:\/\/cepa.epagri.sc.gov.br\/index.php\/wp-json\/wp\/v2\/comments?post=9969"}],"version-history":[{"count":10,"href":"https:\/\/cepa.epagri.sc.gov.br\/index.php\/wp-json\/wp\/v2\/posts\/9969\/revisions"}],"predecessor-version":[{"id":9990,"href":"https:\/\/cepa.epagri.sc.gov.br\/index.php\/wp-json\/wp\/v2\/posts\/9969\/revisions\/9990"}],"wp:attachment":[{"href":"https:\/\/cepa.epagri.sc.gov.br\/index.php\/wp-json\/wp\/v2\/media?parent=9969"}],"wp:term":[{"taxonomy":"category","embeddable":true,"href":"https:\/\/cepa.epagri.sc.gov.br\/index.php\/wp-json\/wp\/v2\/categories?post=9969"},{"taxonomy":"post_tag","embeddable":true,"href":"https:\/\/cepa.epagri.sc.gov.br\/index.php\/wp-json\/wp\/v2\/tags?post=9969"}],"curies":[{"name":"wp","href":"https:\/\/api.w.org\/{rel}","templated":true}]}}