{"id":9842,"date":"2020-10-13T16:50:32","date_gmt":"2020-10-13T19:50:32","guid":{"rendered":"https:\/\/cepa.epagri.sc.gov.br\/?p=9842"},"modified":"2022-02-14T09:02:58","modified_gmt":"2022-02-14T12:02:58","slug":"recursos-e-capacidades-de-trabalho-associados-a-renda-de-estabelecimentos-agropecuarios-de-produtores-de-tabaco-do-sul-do-brasil","status":"publish","type":"post","link":"https:\/\/cepa.epagri.sc.gov.br\/index.php\/recursos-e-capacidades-de-trabalho-associados-a-renda-de-estabelecimentos-agropecuarios-de-produtores-de-tabaco-do-sul-do-brasil\/","title":{"rendered":"Recursos e capacidades de trabalho associados \u00e0 renda de estabelecimentos agropecu\u00e1rios de produtores de tabaco do Sul do Brasil"},"content":{"rendered":"\t\t<div data-elementor-type=\"wp-post\" data-elementor-id=\"9842\" class=\"elementor elementor-9842\">\n\t\t\t\t\t\t<section class=\"elementor-section elementor-top-section elementor-element elementor-element-76e36f2 elementor-section-boxed elementor-section-height-default elementor-section-height-default wpr-particle-no wpr-jarallax-no wpr-parallax-no wpr-sticky-section-no wpr-equal-height-no\" data-id=\"76e36f2\" data-element_type=\"section\" data-e-type=\"section\">\n\t\t\t\t\t\t<div class=\"elementor-container elementor-column-gap-default\">\n\t\t\t\t\t<div class=\"elementor-column elementor-col-100 elementor-top-column elementor-element elementor-element-fe00b6f\" data-id=\"fe00b6f\" data-element_type=\"column\" data-e-type=\"column\">\n\t\t\t<div class=\"elementor-widget-wrap elementor-element-populated\">\n\t\t\t\t\t\t<div class=\"elementor-element elementor-element-86d6661 elementor-widget elementor-widget-text-editor\" data-id=\"86d6661\" data-element_type=\"widget\" data-e-type=\"widget\" data-widget_type=\"text-editor.default\">\n\t\t\t\t<div class=\"elementor-widget-container\">\n\t\t\t\t\t\t\t\t\t<p style=\"font-weight: 400;\">O&nbsp; artigo&nbsp; tem&nbsp; como&nbsp; objetivo&nbsp; compreender como os agricultores avaliam o&nbsp;<span style=\"font-size: 14px; font-weight: 400; color: var( --e-global-color-text );\">trabalho em estabelecimentos agropecu\u00e1rios produtores de tabaco no Sul do Brasil, a partir da associa\u00e7\u00e3o dos recursos e das capacidades de trabalho percebidas \u00e0 renda&nbsp; dos anos agr\u00edcolas 2014\/15 a 2017\/18.&nbsp;<\/span><span style=\"font-size: 14px; font-weight: 400; color: var( --e-global-color-text );\">\u00c9 um estudo com agricultores, de abordagem de m\u00e9todo misto, mediante aplica\u00e7\u00e3o de question\u00e1rio, da t\u00e9cnica de grupo focal e de acesso a relat\u00f3rios cont\u00e1beis. A interpreta\u00e7\u00e3o do material coletado seguiu os ensinamentos da estat\u00edstica&nbsp; descritiva,&nbsp; da&nbsp; an\u00e1lise&nbsp; de correla\u00e7\u00e3o&nbsp; e&nbsp; de&nbsp; an\u00e1lise&nbsp; de&nbsp; conte\u00fado,&nbsp; tendo&nbsp; por&nbsp; refer\u00eancia&nbsp; a&nbsp; Vis\u00e3o&nbsp; Baseada&nbsp; em&nbsp; Recursos (VBR).&nbsp;<\/span><span style=\"font-size: 14px; font-weight: 400; color: var( --e-global-color-text );\">Os resultados revelam associa\u00e7\u00e3o positiva entre a renda e os recursos tecnol\u00f3gicos (m\u00e1quinas, equipamentos e constru\u00e7\u00f5es), bem como \u00e0 \u00e1rea do estabelecimento agropecu\u00e1rio (agr\u00edcola explorada e total). Em contrapartida, os resultados n\u00e3o apontam associa\u00e7\u00e3o \u00e0 renda da&nbsp; disponibilidade&nbsp; de&nbsp; trabalho&nbsp; familiar&nbsp; e&nbsp; contratado&nbsp; e dos&nbsp; recursos&nbsp; humanos&nbsp; (idade&nbsp; do agricultor e grau de instru\u00e7\u00e3o)<\/span><span style=\"font-size: 14px; font-weight: 400; color: var( --e-global-color-text );\">.&nbsp; <\/span><a href=\"https:\/\/docweb.epagri.sc.gov.br\/website_cepa\/Artigos\/Renda_estabelecimentos_agropecuarios.pdf\" target=\"_blank\" rel=\"noopener noreferrer\" style=\"font-size: 14px; font-weight: 400; background-color: rgb(255, 255, 255);\">Artigo na integra<\/a><\/p>\n<p>Ano: 2019<\/p>\n<p>Autor (es):<br>Luis Augusto Ara\u00fajo<br>Marcelo Alexandre de S\u00e1<br>Marcia Mondardo<\/p>\t\t\t\t\t\t\t\t<\/div>\n\t\t\t\t<\/div>\n\t\t\t\t\t<\/div>\n\t\t<\/div>\n\t\t\t\t\t<\/div>\n\t\t<\/section>\n\t\t\t\t<\/div>\n\t\t","protected":false},"excerpt":{"rendered":"<p>O&nbsp; artigo&nbsp; tem&nbsp; como&nbsp; objetivo&nbsp; compreender como os agricultores avaliam o&nbsp;trabalho em estabelecimentos agropecu\u00e1rios produtores de tabaco no Sul do Brasil, a partir da associa\u00e7\u00e3o dos recursos e das capacidades de trabalho percebidas \u00e0 renda&nbsp; dos anos agr\u00edcolas 2014\/15 a 2017\/18.&nbsp;\u00c9 um estudo com agricultores, de abordagem de m\u00e9todo misto, mediante aplica\u00e7\u00e3o de question\u00e1rio, da t\u00e9cnica de grupo focal e de acesso a relat\u00f3rios cont\u00e1beis. A interpreta\u00e7\u00e3o do material coletado seguiu os ensinamentos da estat\u00edstica&nbsp; descritiva,&nbsp; da&nbsp; an\u00e1lise&nbsp; de correla\u00e7\u00e3o&nbsp; e&nbsp; de&nbsp; an\u00e1lise&nbsp; de&nbsp; conte\u00fado,&nbsp; tendo&nbsp; por&nbsp; refer\u00eancia&nbsp; a&nbsp; Vis\u00e3o&nbsp; Baseada&nbsp; em&nbsp; Recursos (VBR).&nbsp;Os resultados revelam associa\u00e7\u00e3o positiva entre a renda e os recursos tecnol\u00f3gicos (m\u00e1quinas, equipamentos e constru\u00e7\u00f5es), bem como \u00e0 \u00e1rea do estabelecimento agropecu\u00e1rio (agr\u00edcola explorada e total). Em contrapartida, os resultados n\u00e3o apontam associa\u00e7\u00e3o \u00e0 renda da&nbsp; disponibilidade&nbsp; de&nbsp; trabalho&nbsp; familiar&nbsp; e&nbsp; contratado&nbsp; e dos&nbsp; recursos&nbsp; humanos&nbsp; (idade&nbsp; do agricultor e grau de instru\u00e7\u00e3o).&nbsp; Artigo na integra Ano: 2019 Autor (es): Luis Augusto Ara\u00fajo Marcelo Alexandre de S\u00e1 Marcia Mondardo<\/p>\n","protected":false},"author":3,"featured_media":0,"comment_status":"closed","ping_status":"closed","sticky":false,"template":"","format":"standard","meta":{"ocean_post_layout":"","ocean_both_sidebars_style":"","ocean_both_sidebars_content_width":0,"ocean_both_sidebars_sidebars_width":0,"ocean_sidebar":"0","ocean_second_sidebar":"0","ocean_disable_margins":"enable","ocean_add_body_class":"","ocean_shortcode_before_top_bar":"","ocean_shortcode_after_top_bar":"","ocean_shortcode_before_header":"","ocean_shortcode_after_header":"","ocean_has_shortcode":"","ocean_shortcode_after_title":"","ocean_shortcode_before_footer_widgets":"","ocean_shortcode_after_footer_widgets":"","ocean_shortcode_before_footer_bottom":"","ocean_shortcode_after_footer_bottom":"","ocean_display_top_bar":"default","ocean_display_header":"default","ocean_header_style":"","ocean_center_header_left_menu":"0","ocean_custom_header_template":"0","ocean_custom_logo":0,"ocean_custom_retina_logo":0,"ocean_custom_logo_max_width":0,"ocean_custom_logo_tablet_max_width":0,"ocean_custom_logo_mobile_max_width":0,"ocean_custom_logo_max_height":0,"ocean_custom_logo_tablet_max_height":0,"ocean_custom_logo_mobile_max_height":0,"ocean_header_custom_menu":"0","ocean_menu_typo_font_family":"0","ocean_menu_typo_font_subset":"","ocean_menu_typo_font_size":0,"ocean_menu_typo_font_size_tablet":0,"ocean_menu_typo_font_size_mobile":0,"ocean_menu_typo_font_size_unit":"px","ocean_menu_typo_font_weight":"","ocean_menu_typo_font_weight_tablet":"","ocean_menu_typo_font_weight_mobile":"","ocean_menu_typo_transform":"","ocean_menu_typo_transform_tablet":"","ocean_menu_typo_transform_mobile":"","ocean_menu_typo_line_height":0,"ocean_menu_typo_line_height_tablet":0,"ocean_menu_typo_line_height_mobile":0,"ocean_menu_typo_line_height_unit":"","ocean_menu_typo_spacing":0,"ocean_menu_typo_spacing_tablet":0,"ocean_menu_typo_spacing_mobile":0,"ocean_menu_typo_spacing_unit":"","ocean_menu_link_color":"","ocean_menu_link_color_hover":"","ocean_menu_link_color_active":"","ocean_menu_link_background":"","ocean_menu_link_hover_background":"","ocean_menu_link_active_background":"","ocean_menu_social_links_bg":"","ocean_menu_social_hover_links_bg":"","ocean_menu_social_links_color":"","ocean_menu_social_hover_links_color":"","ocean_disable_title":"default","ocean_disable_heading":"default","ocean_post_title":"","ocean_post_subheading":"","ocean_post_title_style":"","ocean_post_title_background_color":"","ocean_post_title_background":0,"ocean_post_title_bg_image_position":"","ocean_post_title_bg_image_attachment":"","ocean_post_title_bg_image_repeat":"","ocean_post_title_bg_image_size":"","ocean_post_title_height":0,"ocean_post_title_bg_overlay":0.5,"ocean_post_title_bg_overlay_color":"","ocean_disable_breadcrumbs":"default","ocean_breadcrumbs_color":"","ocean_breadcrumbs_separator_color":"","ocean_breadcrumbs_links_color":"","ocean_breadcrumbs_links_hover_color":"","ocean_display_footer_widgets":"default","ocean_display_footer_bottom":"default","ocean_custom_footer_template":"0","ocean_post_oembed":"","ocean_post_self_hosted_media":"","ocean_post_video_embed":"","ocean_link_format":"","ocean_link_format_target":"self","ocean_quote_format":"","ocean_quote_format_link":"post","ocean_gallery_link_images":"off","ocean_gallery_id":[],"footnotes":""},"categories":[11],"tags":[72,73,74],"class_list":["post-9842","post","type-post","status-publish","format-standard","hentry","category-artigos","tag-capacidades-de-trabalho","tag-recursos","tag-renda","entry"],"_links":{"self":[{"href":"https:\/\/cepa.epagri.sc.gov.br\/index.php\/wp-json\/wp\/v2\/posts\/9842","targetHints":{"allow":["GET"]}}],"collection":[{"href":"https:\/\/cepa.epagri.sc.gov.br\/index.php\/wp-json\/wp\/v2\/posts"}],"about":[{"href":"https:\/\/cepa.epagri.sc.gov.br\/index.php\/wp-json\/wp\/v2\/types\/post"}],"author":[{"embeddable":true,"href":"https:\/\/cepa.epagri.sc.gov.br\/index.php\/wp-json\/wp\/v2\/users\/3"}],"replies":[{"embeddable":true,"href":"https:\/\/cepa.epagri.sc.gov.br\/index.php\/wp-json\/wp\/v2\/comments?post=9842"}],"version-history":[{"count":5,"href":"https:\/\/cepa.epagri.sc.gov.br\/index.php\/wp-json\/wp\/v2\/posts\/9842\/revisions"}],"predecessor-version":[{"id":9858,"href":"https:\/\/cepa.epagri.sc.gov.br\/index.php\/wp-json\/wp\/v2\/posts\/9842\/revisions\/9858"}],"wp:attachment":[{"href":"https:\/\/cepa.epagri.sc.gov.br\/index.php\/wp-json\/wp\/v2\/media?parent=9842"}],"wp:term":[{"taxonomy":"category","embeddable":true,"href":"https:\/\/cepa.epagri.sc.gov.br\/index.php\/wp-json\/wp\/v2\/categories?post=9842"},{"taxonomy":"post_tag","embeddable":true,"href":"https:\/\/cepa.epagri.sc.gov.br\/index.php\/wp-json\/wp\/v2\/tags?post=9842"}],"curies":[{"name":"wp","href":"https:\/\/api.w.org\/{rel}","templated":true}]}}