{"id":9781,"date":"2020-09-14T15:50:46","date_gmt":"2020-09-14T18:50:46","guid":{"rendered":"https:\/\/cepa.epagri.sc.gov.br\/?p=9781"},"modified":"2022-05-09T16:23:40","modified_gmt":"2022-05-09T19:23:40","slug":"evolucao-da-producao-de-maca-no-estado-de-santa-catarina-2014-2017","status":"publish","type":"post","link":"https:\/\/cepa.epagri.sc.gov.br\/index.php\/evolucao-da-producao-de-maca-no-estado-de-santa-catarina-2014-2017\/","title":{"rendered":"Evolu\u00e7\u00e3o da produ\u00e7\u00e3o de ma\u00e7\u00e3 no estado de Santa catarina (2014-2017)"},"content":{"rendered":"\t\t<div data-elementor-type=\"wp-post\" data-elementor-id=\"9781\" class=\"elementor elementor-9781\">\n\t\t\t\t\t\t<section class=\"elementor-section elementor-top-section elementor-element elementor-element-7db91e3 elementor-section-boxed elementor-section-height-default elementor-section-height-default wpr-particle-no wpr-jarallax-no wpr-parallax-no wpr-sticky-section-no wpr-equal-height-no\" data-id=\"7db91e3\" data-element_type=\"section\" data-e-type=\"section\">\n\t\t\t\t\t\t<div class=\"elementor-container elementor-column-gap-default\">\n\t\t\t\t\t<div class=\"elementor-column elementor-col-100 elementor-top-column elementor-element elementor-element-95d20e4\" data-id=\"95d20e4\" data-element_type=\"column\" data-e-type=\"column\">\n\t\t\t<div class=\"elementor-widget-wrap elementor-element-populated\">\n\t\t\t\t\t\t<div class=\"elementor-element elementor-element-eea3020 elementor-widget elementor-widget-text-editor\" data-id=\"eea3020\" data-element_type=\"widget\" data-e-type=\"widget\" data-widget_type=\"text-editor.default\">\n\t\t\t\t<div class=\"elementor-widget-container\">\n\t\t\t\t\t\t\t\t\t<p>Para as institui\u00e7\u00f5es p\u00fablicas respons\u00e1veis pela promo\u00e7\u00e3o do desenvolvimento agr\u00edcola e rural sustent\u00e1vel, a consolida\u00e7\u00e3o de atividades produtivas que proporcionem renda aos produtores rurais \u00e9 muito importante. O setor de produ\u00e7\u00e3o de ma\u00e7\u00e3s est\u00e1, em muitos casos, ligado \u00e0 diversifica\u00e7\u00e3o da produ\u00e7\u00e3o de frutas &#8220;in natura&#8221; ou industrializada para atender mercados locais, interestaduais e externos. Este trabalho analisa a evolu\u00e7\u00e3o da produ\u00e7\u00e3o de ma\u00e7\u00e3s no Estado de Santa Catarina e a import\u00e2ncia do segmento para o mercado brasileiro. <a href=\"https:\/\/docweb.epagri.sc.gov.br\/website_cepa\/Artigos\/Evolucao_producao_maca_Santa_Catarina.pdf\">Artigo na integra<\/a><\/p><p>Autor<br \/><span class=\"fontstyle0\">Rog\u00e9rio Goulart J\u00fanior<br \/><\/span><\/p>\t\t\t\t\t\t\t\t<\/div>\n\t\t\t\t<\/div>\n\t\t\t\t\t<\/div>\n\t\t<\/div>\n\t\t\t\t\t<\/div>\n\t\t<\/section>\n\t\t\t\t<\/div>\n\t\t","protected":false},"excerpt":{"rendered":"<p>Para as institui\u00e7\u00f5es p\u00fablicas respons\u00e1veis pela promo\u00e7\u00e3o do desenvolvimento agr\u00edcola e rural sustent\u00e1vel, a consolida\u00e7\u00e3o de atividades produtivas que proporcionem renda aos produtores rurais \u00e9 muito importante. O setor de produ\u00e7\u00e3o de ma\u00e7\u00e3s est\u00e1, em muitos casos, ligado \u00e0 diversifica\u00e7\u00e3o da produ\u00e7\u00e3o de frutas &#8220;in natura&#8221; ou industrializada para atender mercados locais, interestaduais e externos. Este trabalho analisa a evolu\u00e7\u00e3o da produ\u00e7\u00e3o de ma\u00e7\u00e3s no Estado de Santa Catarina e a import\u00e2ncia do segmento para o mercado brasileiro. Artigo na integra AutorRog\u00e9rio Goulart J\u00fanior<\/p>\n","protected":false},"author":3,"featured_media":0,"comment_status":"closed","ping_status":"closed","sticky":false,"template":"","format":"standard","meta":{"ocean_post_layout":"","ocean_both_sidebars_style":"","ocean_both_sidebars_content_width":0,"ocean_both_sidebars_sidebars_width":0,"ocean_sidebar":"0","ocean_second_sidebar":"0","ocean_disable_margins":"enable","ocean_add_body_class":"","ocean_shortcode_before_top_bar":"","ocean_shortcode_after_top_bar":"","ocean_shortcode_before_header":"","ocean_shortcode_after_header":"","ocean_has_shortcode":"","ocean_shortcode_after_title":"","ocean_shortcode_before_footer_widgets":"","ocean_shortcode_after_footer_widgets":"","ocean_shortcode_before_footer_bottom":"","ocean_shortcode_after_footer_bottom":"","ocean_display_top_bar":"default","ocean_display_header":"default","ocean_header_style":"","ocean_center_header_left_menu":"0","ocean_custom_header_template":"0","ocean_custom_logo":0,"ocean_custom_retina_logo":0,"ocean_custom_logo_max_width":0,"ocean_custom_logo_tablet_max_width":0,"ocean_custom_logo_mobile_max_width":0,"ocean_custom_logo_max_height":0,"ocean_custom_logo_tablet_max_height":0,"ocean_custom_logo_mobile_max_height":0,"ocean_header_custom_menu":"0","ocean_menu_typo_font_family":"0","ocean_menu_typo_font_subset":"","ocean_menu_typo_font_size":0,"ocean_menu_typo_font_size_tablet":0,"ocean_menu_typo_font_size_mobile":0,"ocean_menu_typo_font_size_unit":"px","ocean_menu_typo_font_weight":"","ocean_menu_typo_font_weight_tablet":"","ocean_menu_typo_font_weight_mobile":"","ocean_menu_typo_transform":"","ocean_menu_typo_transform_tablet":"","ocean_menu_typo_transform_mobile":"","ocean_menu_typo_line_height":0,"ocean_menu_typo_line_height_tablet":0,"ocean_menu_typo_line_height_mobile":0,"ocean_menu_typo_line_height_unit":"","ocean_menu_typo_spacing":0,"ocean_menu_typo_spacing_tablet":0,"ocean_menu_typo_spacing_mobile":0,"ocean_menu_typo_spacing_unit":"","ocean_menu_link_color":"","ocean_menu_link_color_hover":"","ocean_menu_link_color_active":"","ocean_menu_link_background":"","ocean_menu_link_hover_background":"","ocean_menu_link_active_background":"","ocean_menu_social_links_bg":"","ocean_menu_social_hover_links_bg":"","ocean_menu_social_links_color":"","ocean_menu_social_hover_links_color":"","ocean_disable_title":"default","ocean_disable_heading":"default","ocean_post_title":"","ocean_post_subheading":"","ocean_post_title_style":"","ocean_post_title_background_color":"","ocean_post_title_background":0,"ocean_post_title_bg_image_position":"","ocean_post_title_bg_image_attachment":"","ocean_post_title_bg_image_repeat":"","ocean_post_title_bg_image_size":"","ocean_post_title_height":0,"ocean_post_title_bg_overlay":0.5,"ocean_post_title_bg_overlay_color":"","ocean_disable_breadcrumbs":"default","ocean_breadcrumbs_color":"","ocean_breadcrumbs_separator_color":"","ocean_breadcrumbs_links_color":"","ocean_breadcrumbs_links_hover_color":"","ocean_display_footer_widgets":"default","ocean_display_footer_bottom":"default","ocean_custom_footer_template":"0","ocean_post_oembed":"","ocean_post_self_hosted_media":"","ocean_post_video_embed":"","ocean_link_format":"","ocean_link_format_target":"self","ocean_quote_format":"","ocean_quote_format_link":"post","ocean_gallery_link_images":"off","ocean_gallery_id":[],"footnotes":""},"categories":[11],"tags":[34,35,67,66,37],"class_list":["post-9781","post","type-post","status-publish","format-standard","hentry","category-artigos","tag-economia-agricola","tag-fruticultura","tag-maca","tag-precos-agricolas","tag-santa-catarina","entry"],"_links":{"self":[{"href":"https:\/\/cepa.epagri.sc.gov.br\/index.php\/wp-json\/wp\/v2\/posts\/9781","targetHints":{"allow":["GET"]}}],"collection":[{"href":"https:\/\/cepa.epagri.sc.gov.br\/index.php\/wp-json\/wp\/v2\/posts"}],"about":[{"href":"https:\/\/cepa.epagri.sc.gov.br\/index.php\/wp-json\/wp\/v2\/types\/post"}],"author":[{"embeddable":true,"href":"https:\/\/cepa.epagri.sc.gov.br\/index.php\/wp-json\/wp\/v2\/users\/3"}],"replies":[{"embeddable":true,"href":"https:\/\/cepa.epagri.sc.gov.br\/index.php\/wp-json\/wp\/v2\/comments?post=9781"}],"version-history":[{"count":3,"href":"https:\/\/cepa.epagri.sc.gov.br\/index.php\/wp-json\/wp\/v2\/posts\/9781\/revisions"}],"predecessor-version":[{"id":9784,"href":"https:\/\/cepa.epagri.sc.gov.br\/index.php\/wp-json\/wp\/v2\/posts\/9781\/revisions\/9784"}],"wp:attachment":[{"href":"https:\/\/cepa.epagri.sc.gov.br\/index.php\/wp-json\/wp\/v2\/media?parent=9781"}],"wp:term":[{"taxonomy":"category","embeddable":true,"href":"https:\/\/cepa.epagri.sc.gov.br\/index.php\/wp-json\/wp\/v2\/categories?post=9781"},{"taxonomy":"post_tag","embeddable":true,"href":"https:\/\/cepa.epagri.sc.gov.br\/index.php\/wp-json\/wp\/v2\/tags?post=9781"}],"curies":[{"name":"wp","href":"https:\/\/api.w.org\/{rel}","templated":true}]}}