{"id":9776,"date":"2020-09-14T15:36:01","date_gmt":"2020-09-14T18:36:01","guid":{"rendered":"https:\/\/cepa.epagri.sc.gov.br\/?p=9776"},"modified":"2020-09-22T15:33:34","modified_gmt":"2020-09-22T18:33:34","slug":"caracterizacao-socioeconomica-da-producao-de-uvas-e-vinhos-de-altitude-de-santa-catarina","status":"publish","type":"post","link":"https:\/\/cepa.epagri.sc.gov.br\/index.php\/caracterizacao-socioeconomica-da-producao-de-uvas-e-vinhos-de-altitude-de-santa-catarina\/","title":{"rendered":"Caracteriza\u00e7\u00e3o socioecon\u00f4mica da produ\u00e7\u00e3o de uvas e vinhos de altitude de Santa Catarina"},"content":{"rendered":"\t\t<div data-elementor-type=\"wp-post\" data-elementor-id=\"9776\" class=\"elementor elementor-9776\">\n\t\t\t\t\t\t<section class=\"elementor-section elementor-top-section elementor-element elementor-element-d7e4c76 elementor-section-boxed elementor-section-height-default elementor-section-height-default wpr-particle-no wpr-jarallax-no wpr-parallax-no wpr-sticky-section-no wpr-equal-height-no\" data-id=\"d7e4c76\" data-element_type=\"section\" data-e-type=\"section\">\n\t\t\t\t\t\t<div class=\"elementor-container elementor-column-gap-default\">\n\t\t\t\t\t<div class=\"elementor-column elementor-col-100 elementor-top-column elementor-element elementor-element-fdbd91a\" data-id=\"fdbd91a\" data-element_type=\"column\" data-e-type=\"column\">\n\t\t\t<div class=\"elementor-widget-wrap elementor-element-populated\">\n\t\t\t\t\t\t<div class=\"elementor-element elementor-element-27f7161 elementor-widget elementor-widget-text-editor\" data-id=\"27f7161\" data-element_type=\"widget\" data-e-type=\"widget\" data-widget_type=\"text-editor.default\">\n\t\t\t\t<div class=\"elementor-widget-container\">\n\t\t\t\t\t\t\t\t\t<p>No Brasil, uma indica\u00e7\u00e3o geogr\u00e1fica pode ser registrada, garantindo direito exclusivo relacionado \u00e0 natureza e uso coletivo vinculado a um territ\u00f3rio ou regi\u00e3o espec\u00edfica. A identifica\u00e7\u00e3o de produtos e servi\u00e7os vinculados a um territ\u00f3rio pode ser caracterizada como uma propriedade intelectual coletiva. As regi\u00f5es dos \u201cVinhos de Altitude\u201d est\u00e3o localizadas nas Microrregi\u00f5es de Joa\u00e7aba, Curitibanos e dos Campos de Lages no Estado de Santa Catarina. Essas regi\u00f5es s\u00e3o constitu\u00eddas por \u00e1reas com vinhedos localizados a partir de 900 metros acima do n\u00edvel do mar. O ambiente natural definiu caracter\u00edsticas de solo, temperatura e da microbiota presente nos vinhedos, al\u00e9m de inova\u00e7\u00f5es tecnol\u00f3gicas utilizadas na produ\u00e7\u00e3o de uvas e vinhos de variedades de Vitis vinifera o que despertou o interesse para a implanta\u00e7\u00e3o de uma Indica\u00e7\u00e3o Geogr\u00e1fica (IG) referente aos vinhos finos \u201cde altitude\u201d. O objetivo deste trabalho foi analisar as caracter\u00edsticas socioecon\u00f4micas municipais relacionadas \u00e0 import\u00e2ncia da<br \/>vitivinicultura regional, com indicadores demogr\u00e1ficos, produtivos e econ\u00f4micos que comp\u00f5em as regi\u00f5es de\u00a0 produ\u00e7\u00e3o da IG. A vitivinicultura catarinense \u00e9 respons\u00e1vel por 6,2% da \u00e1rea em produ\u00e7\u00e3o brasileira, sendo que no Estado a participa\u00e7\u00e3o da produ\u00e7\u00e3o de uvas comuns (americanas e h\u00edbridas), de mesa e vin\u00edfera ficam em torno de 4,7% da quantidade produzida da fruticultura catarinense, com produtividade m\u00e9dia de 14,0 mil quilos por hectare. Entre 2009 e 2017, o Estado de Santa Catarina com suas diferentes variedades de videira (Vitis vinifera L.) apresentou crescimento de 5,5% com novas \u00e1reas de cultivo, novas vin\u00edcolas e com investimentos em cantinas, hospedagem e gastronomia com foco no enoturismo, contribuindo para o desenvolvimento da<br \/>atividade. Nos munic\u00edpios da regi\u00e3o a agropecu\u00e1ria \u00e9 relevante na composi\u00e7\u00e3o do PIB2 municipal o que pode se refletir em uma maior din\u00e2mica nos indicadores de desenvolvimento territorial da vitivinicultura regional. <a href=\"https:\/\/docweb.epagri.sc.gov.br\/website_cepa\/Artigos\/Vinhos_Altitude_caracterizacao_socioeconomica.pdf\">Artigo na integra<\/a><\/p><p>Autores<br \/><span class=\"fontstyle0\">Rog\u00e9rio Goulart J\u00fanior<br \/>Janice Maria Waintuch Reiter<br \/>Marcia Mondardo<br \/><\/span><\/p>\t\t\t\t\t\t\t\t<\/div>\n\t\t\t\t<\/div>\n\t\t\t\t\t<\/div>\n\t\t<\/div>\n\t\t\t\t\t<\/div>\n\t\t<\/section>\n\t\t\t\t<\/div>\n\t\t","protected":false},"excerpt":{"rendered":"<p>No Brasil, uma indica\u00e7\u00e3o geogr\u00e1fica pode ser registrada, garantindo direito exclusivo relacionado \u00e0 natureza e uso coletivo vinculado a um territ\u00f3rio ou regi\u00e3o espec\u00edfica. A identifica\u00e7\u00e3o de produtos e servi\u00e7os vinculados a um territ\u00f3rio pode ser caracterizada como uma propriedade intelectual coletiva. As regi\u00f5es dos \u201cVinhos de Altitude\u201d est\u00e3o localizadas nas Microrregi\u00f5es de Joa\u00e7aba, Curitibanos e dos Campos de Lages no Estado de Santa Catarina. Essas regi\u00f5es s\u00e3o constitu\u00eddas por \u00e1reas com vinhedos localizados a partir de 900 metros acima do n\u00edvel do mar. O ambiente natural definiu caracter\u00edsticas de solo, temperatura e da microbiota presente nos vinhedos, al\u00e9m de inova\u00e7\u00f5es tecnol\u00f3gicas utilizadas na produ\u00e7\u00e3o de uvas e vinhos de variedades de Vitis vinifera o que despertou o interesse para a implanta\u00e7\u00e3o de uma Indica\u00e7\u00e3o Geogr\u00e1fica (IG) referente aos vinhos finos \u201cde altitude\u201d. O objetivo deste trabalho foi analisar as caracter\u00edsticas socioecon\u00f4micas municipais relacionadas \u00e0 import\u00e2ncia davitivinicultura regional, com indicadores demogr\u00e1ficos, produtivos e econ\u00f4micos que comp\u00f5em as regi\u00f5es de\u00a0 produ\u00e7\u00e3o da IG. A vitivinicultura catarinense \u00e9 respons\u00e1vel por 6,2% da \u00e1rea em produ\u00e7\u00e3o brasileira, sendo que no Estado a participa\u00e7\u00e3o da produ\u00e7\u00e3o de uvas comuns (americanas e h\u00edbridas), de mesa e vin\u00edfera ficam em torno de 4,7% da quantidade produzida da fruticultura catarinense, com produtividade m\u00e9dia de 14,0 mil quilos por hectare. Entre 2009 e 2017, o Estado de Santa Catarina com suas diferentes variedades de videira (Vitis vinifera L.) apresentou crescimento de 5,5% com novas \u00e1reas de cultivo, novas vin\u00edcolas e com investimentos em cantinas, hospedagem e gastronomia com foco no enoturismo, contribuindo para o desenvolvimento daatividade. Nos munic\u00edpios da regi\u00e3o a agropecu\u00e1ria \u00e9 relevante na composi\u00e7\u00e3o do PIB2 municipal o que pode se refletir em uma maior din\u00e2mica nos indicadores de desenvolvimento territorial da vitivinicultura regional. Artigo na integra AutoresRog\u00e9rio Goulart J\u00faniorJanice Maria Waintuch ReiterMarcia Mondardo<\/p>\n","protected":false},"author":3,"featured_media":0,"comment_status":"closed","ping_status":"closed","sticky":false,"template":"","format":"standard","meta":{"ocean_post_layout":"","ocean_both_sidebars_style":"","ocean_both_sidebars_content_width":0,"ocean_both_sidebars_sidebars_width":0,"ocean_sidebar":"0","ocean_second_sidebar":"0","ocean_disable_margins":"enable","ocean_add_body_class":"","ocean_shortcode_before_top_bar":"","ocean_shortcode_after_top_bar":"","ocean_shortcode_before_header":"","ocean_shortcode_after_header":"","ocean_has_shortcode":"","ocean_shortcode_after_title":"","ocean_shortcode_before_footer_widgets":"","ocean_shortcode_after_footer_widgets":"","ocean_shortcode_before_footer_bottom":"","ocean_shortcode_after_footer_bottom":"","ocean_display_top_bar":"default","ocean_display_header":"default","ocean_header_style":"","ocean_center_header_left_menu":"0","ocean_custom_header_template":"0","ocean_custom_logo":0,"ocean_custom_retina_logo":0,"ocean_custom_logo_max_width":0,"ocean_custom_logo_tablet_max_width":0,"ocean_custom_logo_mobile_max_width":0,"ocean_custom_logo_max_height":0,"ocean_custom_logo_tablet_max_height":0,"ocean_custom_logo_mobile_max_height":0,"ocean_header_custom_menu":"0","ocean_menu_typo_font_family":"0","ocean_menu_typo_font_subset":"","ocean_menu_typo_font_size":0,"ocean_menu_typo_font_size_tablet":0,"ocean_menu_typo_font_size_mobile":0,"ocean_menu_typo_font_size_unit":"px","ocean_menu_typo_font_weight":"","ocean_menu_typo_font_weight_tablet":"","ocean_menu_typo_font_weight_mobile":"","ocean_menu_typo_transform":"","ocean_menu_typo_transform_tablet":"","ocean_menu_typo_transform_mobile":"","ocean_menu_typo_line_height":0,"ocean_menu_typo_line_height_tablet":0,"ocean_menu_typo_line_height_mobile":0,"ocean_menu_typo_line_height_unit":"","ocean_menu_typo_spacing":0,"ocean_menu_typo_spacing_tablet":0,"ocean_menu_typo_spacing_mobile":0,"ocean_menu_typo_spacing_unit":"","ocean_menu_link_color":"","ocean_menu_link_color_hover":"","ocean_menu_link_color_active":"","ocean_menu_link_background":"","ocean_menu_link_hover_background":"","ocean_menu_link_active_background":"","ocean_menu_social_links_bg":"","ocean_menu_social_hover_links_bg":"","ocean_menu_social_links_color":"","ocean_menu_social_hover_links_color":"","ocean_disable_title":"default","ocean_disable_heading":"default","ocean_post_title":"","ocean_post_subheading":"","ocean_post_title_style":"","ocean_post_title_background_color":"","ocean_post_title_background":0,"ocean_post_title_bg_image_position":"","ocean_post_title_bg_image_attachment":"","ocean_post_title_bg_image_repeat":"","ocean_post_title_bg_image_size":"","ocean_post_title_height":0,"ocean_post_title_bg_overlay":0.5,"ocean_post_title_bg_overlay_color":"","ocean_disable_breadcrumbs":"default","ocean_breadcrumbs_color":"","ocean_breadcrumbs_separator_color":"","ocean_breadcrumbs_links_color":"","ocean_breadcrumbs_links_hover_color":"","ocean_display_footer_widgets":"default","ocean_display_footer_bottom":"default","ocean_custom_footer_template":"0","ocean_post_oembed":"","ocean_post_self_hosted_media":"","ocean_post_video_embed":"","ocean_link_format":"","ocean_link_format_target":"self","ocean_quote_format":"","ocean_quote_format_link":"post","ocean_gallery_link_images":"off","ocean_gallery_id":[],"footnotes":""},"categories":[11],"tags":[34,64,61,37,63],"class_list":["post-9776","post","type-post","status-publish","format-standard","hentry","category-artigos","tag-economia-agricola","tag-indicacao-geografica","tag-producao-agricola","tag-santa-catarina","tag-vitivinicultura","entry"],"_links":{"self":[{"href":"https:\/\/cepa.epagri.sc.gov.br\/index.php\/wp-json\/wp\/v2\/posts\/9776","targetHints":{"allow":["GET"]}}],"collection":[{"href":"https:\/\/cepa.epagri.sc.gov.br\/index.php\/wp-json\/wp\/v2\/posts"}],"about":[{"href":"https:\/\/cepa.epagri.sc.gov.br\/index.php\/wp-json\/wp\/v2\/types\/post"}],"author":[{"embeddable":true,"href":"https:\/\/cepa.epagri.sc.gov.br\/index.php\/wp-json\/wp\/v2\/users\/3"}],"replies":[{"embeddable":true,"href":"https:\/\/cepa.epagri.sc.gov.br\/index.php\/wp-json\/wp\/v2\/comments?post=9776"}],"version-history":[{"count":3,"href":"https:\/\/cepa.epagri.sc.gov.br\/index.php\/wp-json\/wp\/v2\/posts\/9776\/revisions"}],"predecessor-version":[{"id":9780,"href":"https:\/\/cepa.epagri.sc.gov.br\/index.php\/wp-json\/wp\/v2\/posts\/9776\/revisions\/9780"}],"wp:attachment":[{"href":"https:\/\/cepa.epagri.sc.gov.br\/index.php\/wp-json\/wp\/v2\/media?parent=9776"}],"wp:term":[{"taxonomy":"category","embeddable":true,"href":"https:\/\/cepa.epagri.sc.gov.br\/index.php\/wp-json\/wp\/v2\/categories?post=9776"},{"taxonomy":"post_tag","embeddable":true,"href":"https:\/\/cepa.epagri.sc.gov.br\/index.php\/wp-json\/wp\/v2\/tags?post=9776"}],"curies":[{"name":"wp","href":"https:\/\/api.w.org\/{rel}","templated":true}]}}