{"id":9768,"date":"2020-09-14T15:05:42","date_gmt":"2020-09-14T18:05:42","guid":{"rendered":"https:\/\/cepa.epagri.sc.gov.br\/?p=9768"},"modified":"2020-09-22T15:33:29","modified_gmt":"2020-09-22T18:33:29","slug":"bananicultura-producao-e-exportacoes-brasileiras-2014-2018","status":"publish","type":"post","link":"https:\/\/cepa.epagri.sc.gov.br\/index.php\/bananicultura-producao-e-exportacoes-brasileiras-2014-2018\/","title":{"rendered":"Bananicultura: Produ\u00e7\u00e3o e exporta\u00e7\u00f5es brasileiras (2014-2018)"},"content":{"rendered":"\t\t<div data-elementor-type=\"wp-post\" data-elementor-id=\"9768\" class=\"elementor elementor-9768\">\n\t\t\t\t\t\t<section class=\"elementor-section elementor-top-section elementor-element elementor-element-efacb0a elementor-section-boxed elementor-section-height-default elementor-section-height-default wpr-particle-no wpr-jarallax-no wpr-parallax-no wpr-sticky-section-no wpr-equal-height-no\" data-id=\"efacb0a\" data-element_type=\"section\" data-e-type=\"section\">\n\t\t\t\t\t\t<div class=\"elementor-container elementor-column-gap-default\">\n\t\t\t\t\t<div class=\"elementor-column elementor-col-100 elementor-top-column elementor-element elementor-element-ada85ef\" data-id=\"ada85ef\" data-element_type=\"column\" data-e-type=\"column\">\n\t\t\t<div class=\"elementor-widget-wrap elementor-element-populated\">\n\t\t\t\t\t\t<div class=\"elementor-element elementor-element-a8ee11d elementor-widget elementor-widget-text-editor\" data-id=\"a8ee11d\" data-element_type=\"widget\" data-e-type=\"widget\" data-widget_type=\"text-editor.default\">\n\t\t\t\t<div class=\"elementor-widget-container\">\n\t\t\t\t\t\t\t\t\t<p>O Brasil se destaca como um dos maiores produtores mundiais de frutas de clima tropical e temperado, com produ\u00e7\u00e3o de mais de 40 milh\u00f5es de toneladas a cada safra, e com uma \u00e1rea em produ\u00e7\u00e3o de cerca de 2 milh\u00f5es de hectares. Considerando a produ\u00e7\u00e3o para consumo direto somada a produ\u00e7\u00e3o destinada ao processamento, o Brasil \u00e9 o terceiro produtor mundial de frutas, sendo superado apenas pela China e \u00cdndia. A bananicultura apresenta caracter\u00edsticas especificas de agricultores familiares organizados em cooperativas e associa\u00e7\u00f5es de produtores; ou de \u00e1reas em produ\u00e7\u00e3o de grandes grupos multinacionais com alta produtividade em per\u00edmetros irrigados. O objetivo do trabalho \u00e9 a discuss\u00e3o sobre a produ\u00e7\u00e3o e o mercado brasileiro da bananicultura e a an\u00e1lise do mercado externo e as exporta\u00e7\u00f5es brasileiras da fruta. Em 2016, a bananicultura mundial produziu 113,3 milh\u00f5es de toneladas, em mais de 5,4 milh\u00f5es de hectares colhidos da fruta. Em 2018, a produ\u00e7\u00e3o brasileira de banana foi de 6,7 milh\u00f5es de toneladas em 460 mil hectares de \u00e1rea em produ\u00e7\u00e3o. Os quatro primeiros estados produtores concentram 43% da \u00e1rea colhida e 50% da quantidade produzida brasileira. A balan\u00e7a comercial brasileira mostra, al\u00e9m de problemas pontuais com a produ\u00e7\u00e3o, a pouca articula\u00e7\u00e3o institucional e setorial com foco nas exporta\u00e7\u00f5es e no grande mercado consumidor nacional ou novos mercados. Em 2017, tr\u00eas estados exportadores brasileiros foram respons\u00e1veis por 99,2% do volume da fruta comercializado com o exterior. Santa Catarina participou com 84,0% do total brasileiro exportado e o Cear\u00e1 participou com 6,8%. As exporta\u00e7\u00f5es de frutas frescas e processadas s\u00e3o uma excelente alternativa para antecipar receitas em fun\u00e7\u00e3o do descompasso do Brasil em rela\u00e7\u00e3o aos seus principais concorrentes, na quest\u00e3o dos acordos fitossanit\u00e1rios e consolida\u00e7\u00e3o dos mercados sul-americano e europeu. Contudo, apesar do imenso potencial, ainda \u00e9 necess\u00e1ria uma efetiva articula\u00e7\u00e3o estrat\u00e9gica institucional e setorial.<a style=\"font-family: Roboto; font-size: 14px; font-style: normal; font-variant-ligatures: normal; font-variant-caps: normal; font-weight: 400; background-color: #ffffff;\" href=\"https:\/\/docweb.epagri.sc.gov.br\/website_cepa\/Artigos\/Bananicultura_prod_export_brasileira_2014_18.pdf\">Artigo na integra<\/a><\/p><p style=\"font-variant-ligatures: normal; font-variant-caps: normal; font-family: Roboto; font-size: 14px; font-style: normal; font-weight: 400;\">Autor<br \/>Rog\u00e9rio Goulart J\u00fanior<\/p>\t\t\t\t\t\t\t\t<\/div>\n\t\t\t\t<\/div>\n\t\t\t\t\t<\/div>\n\t\t<\/div>\n\t\t\t\t\t<\/div>\n\t\t<\/section>\n\t\t\t\t<\/div>\n\t\t","protected":false},"excerpt":{"rendered":"<p>Resumo<br \/>\nO Brasil se destaca como um dos maiores produtores mundiais de frutas de clima<br \/>\ntropical e temperado, com produ\u00e7\u00e3o de mais de 40 milh\u00f5es de toneladas a cada safra, e<br \/>\ncom uma \u00e1rea em produ\u00e7\u00e3o de cerca de 2 milh\u00f5es de hectares. Considerando a produ\u00e7\u00e3o<br \/>\npara consumo direto somada a produ\u00e7\u00e3o destinada ao processamento, o Brasil \u00e9 o<br \/>\nterceiro produtor mundial de frutas, sendo superado apenas pela China e \u00cdndia. A<br \/>\nbananicultura apresenta caracter\u00edsticas especificas de agricultores familiares<br \/>\norganizados em cooperativas e associa\u00e7\u00f5es de produtores; ou de \u00e1reas em produ\u00e7\u00e3o de<br \/>\ngrandes grupos multinacionais com alta produtividade em per\u00edmetros irrigados. O<br \/>\nobjetivo do trabalho \u00e9 a discuss\u00e3o sobre a produ\u00e7\u00e3o e o mercado brasileiro da<br \/>\nbananicultura e a an\u00e1lise do mercado externo e as exporta\u00e7\u00f5es brasileiras da fruta. <\/p>\n","protected":false},"author":3,"featured_media":0,"comment_status":"closed","ping_status":"closed","sticky":false,"template":"","format":"standard","meta":{"ocean_post_layout":"","ocean_both_sidebars_style":"","ocean_both_sidebars_content_width":0,"ocean_both_sidebars_sidebars_width":0,"ocean_sidebar":"0","ocean_second_sidebar":"0","ocean_disable_margins":"enable","ocean_add_body_class":"","ocean_shortcode_before_top_bar":"","ocean_shortcode_after_top_bar":"","ocean_shortcode_before_header":"","ocean_shortcode_after_header":"","ocean_has_shortcode":"","ocean_shortcode_after_title":"","ocean_shortcode_before_footer_widgets":"","ocean_shortcode_after_footer_widgets":"","ocean_shortcode_before_footer_bottom":"","ocean_shortcode_after_footer_bottom":"","ocean_display_top_bar":"default","ocean_display_header":"default","ocean_header_style":"","ocean_center_header_left_menu":"0","ocean_custom_header_template":"0","ocean_custom_logo":0,"ocean_custom_retina_logo":0,"ocean_custom_logo_max_width":0,"ocean_custom_logo_tablet_max_width":0,"ocean_custom_logo_mobile_max_width":0,"ocean_custom_logo_max_height":0,"ocean_custom_logo_tablet_max_height":0,"ocean_custom_logo_mobile_max_height":0,"ocean_header_custom_menu":"0","ocean_menu_typo_font_family":"0","ocean_menu_typo_font_subset":"","ocean_menu_typo_font_size":0,"ocean_menu_typo_font_size_tablet":0,"ocean_menu_typo_font_size_mobile":0,"ocean_menu_typo_font_size_unit":"px","ocean_menu_typo_font_weight":"","ocean_menu_typo_font_weight_tablet":"","ocean_menu_typo_font_weight_mobile":"","ocean_menu_typo_transform":"","ocean_menu_typo_transform_tablet":"","ocean_menu_typo_transform_mobile":"","ocean_menu_typo_line_height":0,"ocean_menu_typo_line_height_tablet":0,"ocean_menu_typo_line_height_mobile":0,"ocean_menu_typo_line_height_unit":"","ocean_menu_typo_spacing":0,"ocean_menu_typo_spacing_tablet":0,"ocean_menu_typo_spacing_mobile":0,"ocean_menu_typo_spacing_unit":"","ocean_menu_link_color":"","ocean_menu_link_color_hover":"","ocean_menu_link_color_active":"","ocean_menu_link_background":"","ocean_menu_link_hover_background":"","ocean_menu_link_active_background":"","ocean_menu_social_links_bg":"","ocean_menu_social_hover_links_bg":"","ocean_menu_social_links_color":"","ocean_menu_social_hover_links_color":"","ocean_disable_title":"default","ocean_disable_heading":"default","ocean_post_title":"","ocean_post_subheading":"","ocean_post_title_style":"","ocean_post_title_background_color":"","ocean_post_title_background":0,"ocean_post_title_bg_image_position":"","ocean_post_title_bg_image_attachment":"","ocean_post_title_bg_image_repeat":"","ocean_post_title_bg_image_size":"","ocean_post_title_height":0,"ocean_post_title_bg_overlay":0.5,"ocean_post_title_bg_overlay_color":"","ocean_disable_breadcrumbs":"default","ocean_breadcrumbs_color":"","ocean_breadcrumbs_separator_color":"","ocean_breadcrumbs_links_color":"","ocean_breadcrumbs_links_hover_color":"","ocean_display_footer_widgets":"default","ocean_display_footer_bottom":"default","ocean_custom_footer_template":"0","ocean_post_oembed":"","ocean_post_self_hosted_media":"","ocean_post_video_embed":"","ocean_link_format":"","ocean_link_format_target":"self","ocean_quote_format":"","ocean_quote_format_link":"post","ocean_gallery_link_images":"off","ocean_gallery_id":[],"footnotes":""},"categories":[11],"tags":[60,62,34,61],"class_list":["post-9768","post","type-post","status-publish","format-standard","hentry","category-artigos","tag-bananicultura","tag-brasil","tag-economia-agricola","tag-producao-agricola","entry"],"_links":{"self":[{"href":"https:\/\/cepa.epagri.sc.gov.br\/index.php\/wp-json\/wp\/v2\/posts\/9768","targetHints":{"allow":["GET"]}}],"collection":[{"href":"https:\/\/cepa.epagri.sc.gov.br\/index.php\/wp-json\/wp\/v2\/posts"}],"about":[{"href":"https:\/\/cepa.epagri.sc.gov.br\/index.php\/wp-json\/wp\/v2\/types\/post"}],"author":[{"embeddable":true,"href":"https:\/\/cepa.epagri.sc.gov.br\/index.php\/wp-json\/wp\/v2\/users\/3"}],"replies":[{"embeddable":true,"href":"https:\/\/cepa.epagri.sc.gov.br\/index.php\/wp-json\/wp\/v2\/comments?post=9768"}],"version-history":[{"count":5,"href":"https:\/\/cepa.epagri.sc.gov.br\/index.php\/wp-json\/wp\/v2\/posts\/9768\/revisions"}],"predecessor-version":[{"id":9775,"href":"https:\/\/cepa.epagri.sc.gov.br\/index.php\/wp-json\/wp\/v2\/posts\/9768\/revisions\/9775"}],"wp:attachment":[{"href":"https:\/\/cepa.epagri.sc.gov.br\/index.php\/wp-json\/wp\/v2\/media?parent=9768"}],"wp:term":[{"taxonomy":"category","embeddable":true,"href":"https:\/\/cepa.epagri.sc.gov.br\/index.php\/wp-json\/wp\/v2\/categories?post=9768"},{"taxonomy":"post_tag","embeddable":true,"href":"https:\/\/cepa.epagri.sc.gov.br\/index.php\/wp-json\/wp\/v2\/tags?post=9768"}],"curies":[{"name":"wp","href":"https:\/\/api.w.org\/{rel}","templated":true}]}}