{"id":7709,"date":"2019-08-16T18:29:39","date_gmt":"2019-08-16T21:29:39","guid":{"rendered":"https:\/\/cepa.epagri.sc.gov.br\/?p=7709"},"modified":"2020-02-04T09:53:11","modified_gmt":"2020-02-04T12:53:11","slug":"intercooperacao-na-cadeia-de-suprimentos-do-complexo-carnes-no-estado-de-santa-catarina","status":"publish","type":"post","link":"https:\/\/cepa.epagri.sc.gov.br\/index.php\/intercooperacao-na-cadeia-de-suprimentos-do-complexo-carnes-no-estado-de-santa-catarina\/","title":{"rendered":"Intercoopera\u00e7\u00e3o na cadeia de suprimentos do complexo carnes no estado de Santa Catarina"},"content":{"rendered":"<p>O presente trabalho tem por objetivo analisar a intercoopera\u00e7\u00e3o, a gest\u00e3o e a governan\u00e7a do setor cooperativo de Santa Catarina, voltado ao fortalecimento da cadeia de produ\u00e7\u00e3o de milho, principal fator na competitividade da\u00a0 cadeia de prote\u00edna animal catarinense. A intercoopera\u00e7\u00e3o, associada \u00e0 governan\u00e7a e \u00e0 gest\u00e3o estrat\u00e9gica setorial, mostrou-se eficiente e decisiva no incremento da produtividade do milho, trazendo relevantes benef\u00edcios na redu\u00e7\u00e3o do d\u00e9ficit de energia para a cadeia de prote\u00edna animal. Destaca-se a atua\u00e7\u00e3o da Federa\u00e7\u00e3o das Cooperativas Agropecu\u00e1rias de Santa Catarina como \u00e2ncora na implanta\u00e7\u00e3o do programa de incentivo \u00e0 produ\u00e7\u00e3o agr\u00edcola catarinense, denominado Terra Boa \u2013 Sementes de milho, gerando valor para os mais de 69 mil associados das 52 cooperativas agropecu\u00e1rias do sistema OCESC. A intercoopera\u00e7\u00e3o se apresentou como elemento decisivo para implementa\u00e7\u00e3o de mecanismos de gest\u00e3o profissional, lideran\u00e7a e consolida\u00e7\u00e3o setorial na produ\u00e7\u00e3o agr\u00edcola estadual.\u00a0\u00a0<a href=\"https:\/\/docweb.epagri.sc.gov.br\/website_cepa\/Artigos\/Intercooperacao_na_cadeia_de_suprimentos_complexo_carnes.pdf\" target=\"_blank\" rel=\"noopener noreferrer\">Artigo na integra<\/a><\/p>\n<p>Ano: 2018<\/p>\n<p>Autor (es):<br \/>\nReney Dorow, Epagri\/Cepa<br \/>\nAlexandre Lu\u00eds Giehl, Epagri\/Cepa<br \/>\nJurandi Teodoro Gugel, Epagri\/Cepa<\/p>\n","protected":false},"excerpt":{"rendered":"<p>O presente trabalho tem por objetivo analisar a intercoopera\u00e7\u00e3o, a gest\u00e3o e a governan\u00e7a do setor cooperativo de Santa Catarina, voltado ao fortalecimento da cadeia de produ\u00e7\u00e3o de milho, principal fator na competitividade da\u00a0 cadeia de prote\u00edna animal catarinense. A intercoopera\u00e7\u00e3o, associada \u00e0 governan\u00e7a e \u00e0 gest\u00e3o estrat\u00e9gica setorial, mostrou-se eficiente e decisiva no incremento da produtividade do milho, trazendo relevantes benef\u00edcios na redu\u00e7\u00e3o do d\u00e9ficit de energia para a cadeia de prote\u00edna animal. Destaca-se a atua\u00e7\u00e3o da Federa\u00e7\u00e3o das Cooperativas Agropecu\u00e1rias de Santa Catarina como \u00e2ncora na implanta\u00e7\u00e3o do programa de incentivo \u00e0 produ\u00e7\u00e3o agr\u00edcola catarinense, denominado Terra Boa \u2013 Sementes de milho, gerando valor para os mais de 69 mil associados das 52 cooperativas agropecu\u00e1rias do sistema OCESC. A intercoopera\u00e7\u00e3o se apresentou como elemento decisivo para implementa\u00e7\u00e3o de mecanismos de gest\u00e3o profissional, lideran\u00e7a e consolida\u00e7\u00e3o setorial na produ\u00e7\u00e3o agr\u00edcola estadual.\u00a0\u00a0Artigo na integra Ano: 2018 Autor (es): Reney Dorow, Epagri\/Cepa Alexandre Lu\u00eds Giehl, Epagri\/Cepa Jurandi Teodoro Gugel, Epagri\/Cepa<\/p>\n","protected":false},"author":3,"featured_media":0,"comment_status":"closed","ping_status":"closed","sticky":false,"template":"","format":"standard","meta":{"ocean_post_layout":"","ocean_both_sidebars_style":"","ocean_both_sidebars_content_width":0,"ocean_both_sidebars_sidebars_width":0,"ocean_sidebar":"","ocean_second_sidebar":"","ocean_disable_margins":"enable","ocean_add_body_class":"","ocean_shortcode_before_top_bar":"","ocean_shortcode_after_top_bar":"","ocean_shortcode_before_header":"","ocean_shortcode_after_header":"","ocean_has_shortcode":"","ocean_shortcode_after_title":"","ocean_shortcode_before_footer_widgets":"","ocean_shortcode_after_footer_widgets":"","ocean_shortcode_before_footer_bottom":"","ocean_shortcode_after_footer_bottom":"","ocean_display_top_bar":"default","ocean_display_header":"default","ocean_header_style":"","ocean_center_header_left_menu":"","ocean_custom_header_template":"","ocean_custom_logo":0,"ocean_custom_retina_logo":0,"ocean_custom_logo_max_width":0,"ocean_custom_logo_tablet_max_width":0,"ocean_custom_logo_mobile_max_width":0,"ocean_custom_logo_max_height":0,"ocean_custom_logo_tablet_max_height":0,"ocean_custom_logo_mobile_max_height":0,"ocean_header_custom_menu":"","ocean_menu_typo_font_family":"","ocean_menu_typo_font_subset":"","ocean_menu_typo_font_size":0,"ocean_menu_typo_font_size_tablet":0,"ocean_menu_typo_font_size_mobile":0,"ocean_menu_typo_font_size_unit":"px","ocean_menu_typo_font_weight":"","ocean_menu_typo_font_weight_tablet":"","ocean_menu_typo_font_weight_mobile":"","ocean_menu_typo_transform":"","ocean_menu_typo_transform_tablet":"","ocean_menu_typo_transform_mobile":"","ocean_menu_typo_line_height":0,"ocean_menu_typo_line_height_tablet":0,"ocean_menu_typo_line_height_mobile":0,"ocean_menu_typo_line_height_unit":"","ocean_menu_typo_spacing":0,"ocean_menu_typo_spacing_tablet":0,"ocean_menu_typo_spacing_mobile":0,"ocean_menu_typo_spacing_unit":"","ocean_menu_link_color":"","ocean_menu_link_color_hover":"","ocean_menu_link_color_active":"","ocean_menu_link_background":"","ocean_menu_link_hover_background":"","ocean_menu_link_active_background":"","ocean_menu_social_links_bg":"","ocean_menu_social_hover_links_bg":"","ocean_menu_social_links_color":"","ocean_menu_social_hover_links_color":"","ocean_disable_title":"default","ocean_disable_heading":"default","ocean_post_title":"","ocean_post_subheading":"","ocean_post_title_style":"","ocean_post_title_background_color":"","ocean_post_title_background":0,"ocean_post_title_bg_image_position":"","ocean_post_title_bg_image_attachment":"","ocean_post_title_bg_image_repeat":"","ocean_post_title_bg_image_size":"","ocean_post_title_height":0,"ocean_post_title_bg_overlay":0.5,"ocean_post_title_bg_overlay_color":"","ocean_disable_breadcrumbs":"default","ocean_breadcrumbs_color":"","ocean_breadcrumbs_separator_color":"","ocean_breadcrumbs_links_color":"","ocean_breadcrumbs_links_hover_color":"","ocean_display_footer_widgets":"default","ocean_display_footer_bottom":"default","ocean_custom_footer_template":"","ocean_post_oembed":"","ocean_post_self_hosted_media":"","ocean_post_video_embed":"","ocean_link_format":"","ocean_link_format_target":"self","ocean_quote_format":"","ocean_quote_format_link":"post","ocean_gallery_link_images":"on","ocean_gallery_id":[],"footnotes":""},"categories":[11],"tags":[49],"class_list":["post-7709","post","type-post","status-publish","format-standard","hentry","category-artigos","tag-cooperativa-competitividade-cadeias-de-valor","entry"],"_links":{"self":[{"href":"https:\/\/cepa.epagri.sc.gov.br\/index.php\/wp-json\/wp\/v2\/posts\/7709","targetHints":{"allow":["GET"]}}],"collection":[{"href":"https:\/\/cepa.epagri.sc.gov.br\/index.php\/wp-json\/wp\/v2\/posts"}],"about":[{"href":"https:\/\/cepa.epagri.sc.gov.br\/index.php\/wp-json\/wp\/v2\/types\/post"}],"author":[{"embeddable":true,"href":"https:\/\/cepa.epagri.sc.gov.br\/index.php\/wp-json\/wp\/v2\/users\/3"}],"replies":[{"embeddable":true,"href":"https:\/\/cepa.epagri.sc.gov.br\/index.php\/wp-json\/wp\/v2\/comments?post=7709"}],"version-history":[{"count":4,"href":"https:\/\/cepa.epagri.sc.gov.br\/index.php\/wp-json\/wp\/v2\/posts\/7709\/revisions"}],"predecessor-version":[{"id":8608,"href":"https:\/\/cepa.epagri.sc.gov.br\/index.php\/wp-json\/wp\/v2\/posts\/7709\/revisions\/8608"}],"wp:attachment":[{"href":"https:\/\/cepa.epagri.sc.gov.br\/index.php\/wp-json\/wp\/v2\/media?parent=7709"}],"wp:term":[{"taxonomy":"category","embeddable":true,"href":"https:\/\/cepa.epagri.sc.gov.br\/index.php\/wp-json\/wp\/v2\/categories?post=7709"},{"taxonomy":"post_tag","embeddable":true,"href":"https:\/\/cepa.epagri.sc.gov.br\/index.php\/wp-json\/wp\/v2\/tags?post=7709"}],"curies":[{"name":"wp","href":"https:\/\/api.w.org\/{rel}","templated":true}]}}