{"id":6854,"date":"2018-12-18T14:54:32","date_gmt":"2018-12-18T16:54:32","guid":{"rendered":"https:\/\/cepa.epagri.sc.gov.br\/?p=6854"},"modified":"2022-05-09T16:26:11","modified_gmt":"2022-05-09T19:26:11","slug":"capacidade-de-usar-a-informacao-e-renda-de-agricultores-do-sul-do-brasil-uma-visao-baseada-em-recursos-vbr","status":"publish","type":"post","link":"https:\/\/cepa.epagri.sc.gov.br\/index.php\/capacidade-de-usar-a-informacao-e-renda-de-agricultores-do-sul-do-brasil-uma-visao-baseada-em-recursos-vbr\/","title":{"rendered":"Capacidade de usar a informa\u00e7\u00e3o e renda de agricultores do sul do Brasil: uma vis\u00e3o baseada em recursos (VBR)"},"content":{"rendered":"<p>A prosperidade dos estabelecimentos agropecu\u00e1rios depende de como os agricultores usam a informa\u00e7\u00e3o para as decis\u00f5es estrat\u00e9gicas. O estudo investiga a associa\u00e7\u00e3o entre as capacidades percebidas em usar a informa\u00e7\u00e3o e a heterogeneidade de renda de agricultores da Regi\u00e3o Sul do Brasil, tendo como refer\u00eancia a Vis\u00e3o Baseada em Recursos (VBR). A abordagem de pesquisa \u00e9 qualitativa e quantitativa e os dados obtidos da aplica\u00e7\u00e3o de question\u00e1rio e da t\u00e9cnica de grupo focal. Os resultados evidenciaram que as capacidades percebidas no uso de fluxo de caixa, de computador, de internet e na disponibilidade de meios de comunica\u00e7\u00e3o est\u00e3o associadas positivamente com a renda. A pesquisa em sua face qualitativa demonstrou a import\u00e2ncia manifestada pelos agricultores em rela\u00e7\u00e3o a aspectos mais pessoais e que v\u00e3o al\u00e9m desses relacionados \u00e0s tecnologias de informa\u00e7\u00e3o e comunica\u00e7\u00e3o. Em termos de tend\u00eancias para o futuro, presume-se que os agricultores ser\u00e3o continuamente desafiados a ampliarem a capacidade de processar as infoma\u00e7\u00f5es e de produ\u00e7\u00e3o de conhecimento novo.\u00a0\u00a0<a href=\"https:\/\/docweb.epagri.sc.gov.br\/website_cepa\/Artigos\/Informacao_e_renda.pdf\" target=\"_blank\" rel=\"noopener noreferrer\">Artigo na integra<\/a><\/p>\n<p>Ano: 2018<\/p>\n<p>Autor (es):<br \/>\nLuis Augusto Araujo; Epagri\/Cepa<br \/>\nAnt\u00f4nio Marcos Feliciano;\u00a0Epagri\/Cepa<br \/>\nMarcelo Alexandre de S\u00e1;\u00a0Epagri\/Cepa<br \/>\nM\u00e1rcia Mondardo;\u00a0Epagri\/Cepa<\/p>\n<p>&nbsp;<\/p>\n","protected":false},"excerpt":{"rendered":"<p>A prosperidade dos estabelecimentos agropecu\u00e1rios depende de como os agricultores usam a informa\u00e7\u00e3o para as decis\u00f5es estrat\u00e9gicas. O estudo investiga a associa\u00e7\u00e3o entre as capacidades percebidas em usar a informa\u00e7\u00e3o e a heterogeneidade de renda de agricultores da Regi\u00e3o Sul do Brasil, tendo como refer\u00eancia a Vis\u00e3o Baseada em Recursos (VBR). A abordagem de pesquisa \u00e9 qualitativa e quantitativa e os dados obtidos da aplica\u00e7\u00e3o de question\u00e1rio e da t\u00e9cnica de grupo focal. Os resultados evidenciaram que as capacidades percebidas no uso de fluxo de caixa, de computador, de internet e na disponibilidade de meios de comunica\u00e7\u00e3o est\u00e3o associadas positivamente com a renda. A pesquisa em sua face qualitativa demonstrou a import\u00e2ncia manifestada pelos agricultores em rela\u00e7\u00e3o a aspectos mais pessoais e que v\u00e3o al\u00e9m desses relacionados \u00e0s tecnologias de informa\u00e7\u00e3o e comunica\u00e7\u00e3o. Em termos de tend\u00eancias para o futuro, presume-se que os agricultores ser\u00e3o continuamente desafiados a ampliarem a capacidade de processar as infoma\u00e7\u00f5es e de produ\u00e7\u00e3o de conhecimento novo.\u00a0\u00a0Artigo na integra Ano: 2018 Autor (es): Luis Augusto Araujo; Epagri\/Cepa Ant\u00f4nio Marcos Feliciano;\u00a0Epagri\/Cepa Marcelo Alexandre de S\u00e1;\u00a0Epagri\/Cepa M\u00e1rcia Mondardo;\u00a0Epagri\/Cepa &nbsp;<\/p>\n","protected":false},"author":1,"featured_media":0,"comment_status":"closed","ping_status":"closed","sticky":false,"template":"","format":"standard","meta":{"ocean_post_layout":"","ocean_both_sidebars_style":"","ocean_both_sidebars_content_width":0,"ocean_both_sidebars_sidebars_width":0,"ocean_sidebar":"","ocean_second_sidebar":"","ocean_disable_margins":"enable","ocean_add_body_class":"","ocean_shortcode_before_top_bar":"","ocean_shortcode_after_top_bar":"","ocean_shortcode_before_header":"","ocean_shortcode_after_header":"","ocean_has_shortcode":"","ocean_shortcode_after_title":"","ocean_shortcode_before_footer_widgets":"","ocean_shortcode_after_footer_widgets":"","ocean_shortcode_before_footer_bottom":"","ocean_shortcode_after_footer_bottom":"","ocean_display_top_bar":"default","ocean_display_header":"default","ocean_header_style":"","ocean_center_header_left_menu":"","ocean_custom_header_template":"","ocean_custom_logo":0,"ocean_custom_retina_logo":0,"ocean_custom_logo_max_width":0,"ocean_custom_logo_tablet_max_width":0,"ocean_custom_logo_mobile_max_width":0,"ocean_custom_logo_max_height":0,"ocean_custom_logo_tablet_max_height":0,"ocean_custom_logo_mobile_max_height":0,"ocean_header_custom_menu":"","ocean_menu_typo_font_family":"","ocean_menu_typo_font_subset":"","ocean_menu_typo_font_size":0,"ocean_menu_typo_font_size_tablet":0,"ocean_menu_typo_font_size_mobile":0,"ocean_menu_typo_font_size_unit":"px","ocean_menu_typo_font_weight":"","ocean_menu_typo_font_weight_tablet":"","ocean_menu_typo_font_weight_mobile":"","ocean_menu_typo_transform":"","ocean_menu_typo_transform_tablet":"","ocean_menu_typo_transform_mobile":"","ocean_menu_typo_line_height":0,"ocean_menu_typo_line_height_tablet":0,"ocean_menu_typo_line_height_mobile":0,"ocean_menu_typo_line_height_unit":"","ocean_menu_typo_spacing":0,"ocean_menu_typo_spacing_tablet":0,"ocean_menu_typo_spacing_mobile":0,"ocean_menu_typo_spacing_unit":"","ocean_menu_link_color":"","ocean_menu_link_color_hover":"","ocean_menu_link_color_active":"","ocean_menu_link_background":"","ocean_menu_link_hover_background":"","ocean_menu_link_active_background":"","ocean_menu_social_links_bg":"","ocean_menu_social_hover_links_bg":"","ocean_menu_social_links_color":"","ocean_menu_social_hover_links_color":"","ocean_disable_title":"default","ocean_disable_heading":"default","ocean_post_title":"","ocean_post_subheading":"","ocean_post_title_style":"","ocean_post_title_background_color":"","ocean_post_title_background":0,"ocean_post_title_bg_image_position":"","ocean_post_title_bg_image_attachment":"","ocean_post_title_bg_image_repeat":"","ocean_post_title_bg_image_size":"","ocean_post_title_height":0,"ocean_post_title_bg_overlay":0.5,"ocean_post_title_bg_overlay_color":"","ocean_disable_breadcrumbs":"default","ocean_breadcrumbs_color":"","ocean_breadcrumbs_separator_color":"","ocean_breadcrumbs_links_color":"","ocean_breadcrumbs_links_hover_color":"","ocean_display_footer_widgets":"default","ocean_display_footer_bottom":"default","ocean_custom_footer_template":"","ocean_post_oembed":"","ocean_post_self_hosted_media":"","ocean_post_video_embed":"","ocean_link_format":"","ocean_link_format_target":"self","ocean_quote_format":"","ocean_quote_format_link":"post","ocean_gallery_link_images":"on","ocean_gallery_id":[],"footnotes":""},"categories":[11],"tags":[40,28,41],"class_list":["post-6854","post","type-post","status-publish","format-standard","hentry","category-artigos","tag-capacidade","tag-informacao-da-agricultura","tag-informacao-renda-agricultura-visao-baseada-em-recursos-vbr","entry"],"_links":{"self":[{"href":"https:\/\/cepa.epagri.sc.gov.br\/index.php\/wp-json\/wp\/v2\/posts\/6854","targetHints":{"allow":["GET"]}}],"collection":[{"href":"https:\/\/cepa.epagri.sc.gov.br\/index.php\/wp-json\/wp\/v2\/posts"}],"about":[{"href":"https:\/\/cepa.epagri.sc.gov.br\/index.php\/wp-json\/wp\/v2\/types\/post"}],"author":[{"embeddable":true,"href":"https:\/\/cepa.epagri.sc.gov.br\/index.php\/wp-json\/wp\/v2\/users\/1"}],"replies":[{"embeddable":true,"href":"https:\/\/cepa.epagri.sc.gov.br\/index.php\/wp-json\/wp\/v2\/comments?post=6854"}],"version-history":[{"count":7,"href":"https:\/\/cepa.epagri.sc.gov.br\/index.php\/wp-json\/wp\/v2\/posts\/6854\/revisions"}],"predecessor-version":[{"id":8613,"href":"https:\/\/cepa.epagri.sc.gov.br\/index.php\/wp-json\/wp\/v2\/posts\/6854\/revisions\/8613"}],"wp:attachment":[{"href":"https:\/\/cepa.epagri.sc.gov.br\/index.php\/wp-json\/wp\/v2\/media?parent=6854"}],"wp:term":[{"taxonomy":"category","embeddable":true,"href":"https:\/\/cepa.epagri.sc.gov.br\/index.php\/wp-json\/wp\/v2\/categories?post=6854"},{"taxonomy":"post_tag","embeddable":true,"href":"https:\/\/cepa.epagri.sc.gov.br\/index.php\/wp-json\/wp\/v2\/tags?post=6854"}],"curies":[{"name":"wp","href":"https:\/\/api.w.org\/{rel}","templated":true}]}}