{"id":5763,"date":"2016-05-12T11:12:08","date_gmt":"2016-05-12T14:12:08","guid":{"rendered":"https:\/\/cepa.epagri.sc.gov.br\/?p=5763"},"modified":"2022-05-09T16:28:52","modified_gmt":"2022-05-09T19:28:52","slug":"panorama-da-fruticultura-catarinense-levantamento-de-dados-para-a-safra-2014-15","status":"publish","type":"post","link":"https:\/\/cepa.epagri.sc.gov.br\/index.php\/panorama-da-fruticultura-catarinense-levantamento-de-dados-para-a-safra-2014-15\/","title":{"rendered":"Panorama da fruticultura catarinense: levantamento de dados para a safra 2014-15"},"content":{"rendered":"<p style=\"text-align: justify;\">O Estado de Santa Catarina \u00e9 um importante produtor de frutas, especialmente ma\u00e7\u00e3, banana, uvas, p\u00eassego, maracuj\u00e1, laranjas e frutas de caro\u00e7o. Estima-se que cerca de 14 mil produtores cultivem mais de 55,0 mil hectares de frutas (de lavouras permanentes). Na fruticultura catarinense, a tomada de decis\u00e3o para elabora\u00e7\u00e3o de projetos, o acompanhamento de safras e de mercados agr\u00edcolas e a\u00e7\u00f5es de agentes de mercado e de pol\u00edticas p\u00fablicas carece de dados e informa\u00e7\u00f5es sistem\u00e1ticos. Com isso, h\u00e1 a necessidade da organiza\u00e7\u00e3o e execu\u00e7\u00e3o de levantamentos referentes \u00e0s principais frutas de cultura de clima temperado e subtropical para estudos e an\u00e1lises sobre as diferentes cadeias envolvidas, como para a\u00e7\u00f5es de planejamento e fomento da fruticultura estadual. O artigo tem como objetivo tra\u00e7ar um panorama da fruticultura no estado de Santa Catarina com comparativo entre as safras 2012-13 e 2014-15, a partir de dados e informa\u00e7\u00f5es atualizados sobre a produ\u00e7\u00e3o e a evolu\u00e7\u00e3o do setor, destacando principais frutas e as mesorregi\u00f5es com refer\u00eancia \u00e0 produ\u00e7\u00e3o e o valor bruto da produ\u00e7\u00e3o mais expressivo de cada cultura, entre outras vari\u00e1veis pesquisadas. Como resultado s\u00e3o destacadas tend\u00eancias das cadeias no recorte das mesorregi\u00f5es geogr\u00e1ficas com base nos levantamentos sistematizados nas pesquisas agr\u00edcolas municipais do IBGE e no levantamento da fruticultura comercial catarinense do Epagri-Cepa da Epagri. <a href=\"https:\/\/docweb.epagri.sc.gov.br\/website_cepa\/Artigos\/Fruticultura_catarinense_2014-15.pdf\" target=\"_blank\" rel=\"noopener noreferrer\">Artigo na integra<\/a><\/p>\n<p>Ano: 2016<\/p>\n<p>Autores:<br \/>\nRog\u00e9rio Goulart Junior; Epagri\/Cepa<br \/>\nJanice Maria Waintuch Reiter; Epagri\/Cepa<br \/>\nM\u00e1rcia Mondardo; Epagri\/Cepa<\/p>\n<p>&nbsp;<\/p>\n","protected":false},"excerpt":{"rendered":"<p>O Estado de Santa Catarina \u00e9 um importante produtor de frutas, especialmente ma\u00e7\u00e3, banana, uvas, p\u00eassego, maracuj\u00e1, laranjas e frutas de caro\u00e7o. Estima-se que cerca de 14 mil produtores cultivem mais de 55,0 mil hectares de frutas (de lavouras permanentes). Na fruticultura catarinense, a tomada de decis\u00e3o para elabora\u00e7\u00e3o de projetos, o acompanhamento de safras e de mercados agr\u00edcolas e a\u00e7\u00f5es de agentes de mercado e de pol\u00edticas p\u00fablicas carece de dados e informa\u00e7\u00f5es sistem\u00e1ticos. Com isso, h\u00e1 a necessidade da organiza\u00e7\u00e3o e execu\u00e7\u00e3o de levantamentos referentes \u00e0s principais frutas de cultura de clima temperado e subtropical para estudos e an\u00e1lises sobre as diferentes cadeias envolvidas, como para a\u00e7\u00f5es de planejamento e fomento da fruticultura estadual. O artigo tem como objetivo tra\u00e7ar um panorama da fruticultura no estado de Santa Catarina com comparativo entre as safras 2012-13 e 2014-15, a partir de dados e informa\u00e7\u00f5es atualizados sobre a produ\u00e7\u00e3o e a evolu\u00e7\u00e3o do setor, destacando principais frutas e as mesorregi\u00f5es com refer\u00eancia \u00e0 produ\u00e7\u00e3o e o valor bruto da produ\u00e7\u00e3o mais expressivo de cada cultura, entre outras vari\u00e1veis pesquisadas. Como resultado s\u00e3o destacadas tend\u00eancias das cadeias no recorte das mesorregi\u00f5es geogr\u00e1ficas com base nos levantamentos sistematizados nas pesquisas agr\u00edcolas municipais do IBGE e no levantamento da fruticultura comercial catarinense do Epagri-Cepa da Epagri. Artigo na integra Ano: 2016 Autores: Rog\u00e9rio Goulart Junior; Epagri\/Cepa Janice Maria Waintuch Reiter; Epagri\/Cepa M\u00e1rcia Mondardo; Epagri\/Cepa &nbsp;<\/p>\n","protected":false},"author":2,"featured_media":0,"comment_status":"closed","ping_status":"closed","sticky":false,"template":"","format":"standard","meta":{"ocean_post_layout":"","ocean_both_sidebars_style":"","ocean_both_sidebars_content_width":0,"ocean_both_sidebars_sidebars_width":0,"ocean_sidebar":"","ocean_second_sidebar":"","ocean_disable_margins":"enable","ocean_add_body_class":"","ocean_shortcode_before_top_bar":"","ocean_shortcode_after_top_bar":"","ocean_shortcode_before_header":"","ocean_shortcode_after_header":"","ocean_has_shortcode":"","ocean_shortcode_after_title":"","ocean_shortcode_before_footer_widgets":"","ocean_shortcode_after_footer_widgets":"","ocean_shortcode_before_footer_bottom":"","ocean_shortcode_after_footer_bottom":"","ocean_display_top_bar":"default","ocean_display_header":"default","ocean_header_style":"","ocean_center_header_left_menu":"","ocean_custom_header_template":"","ocean_custom_logo":0,"ocean_custom_retina_logo":0,"ocean_custom_logo_max_width":0,"ocean_custom_logo_tablet_max_width":0,"ocean_custom_logo_mobile_max_width":0,"ocean_custom_logo_max_height":0,"ocean_custom_logo_tablet_max_height":0,"ocean_custom_logo_mobile_max_height":0,"ocean_header_custom_menu":"","ocean_menu_typo_font_family":"","ocean_menu_typo_font_subset":"","ocean_menu_typo_font_size":0,"ocean_menu_typo_font_size_tablet":0,"ocean_menu_typo_font_size_mobile":0,"ocean_menu_typo_font_size_unit":"px","ocean_menu_typo_font_weight":"","ocean_menu_typo_font_weight_tablet":"","ocean_menu_typo_font_weight_mobile":"","ocean_menu_typo_transform":"","ocean_menu_typo_transform_tablet":"","ocean_menu_typo_transform_mobile":"","ocean_menu_typo_line_height":0,"ocean_menu_typo_line_height_tablet":0,"ocean_menu_typo_line_height_mobile":0,"ocean_menu_typo_line_height_unit":"","ocean_menu_typo_spacing":0,"ocean_menu_typo_spacing_tablet":0,"ocean_menu_typo_spacing_mobile":0,"ocean_menu_typo_spacing_unit":"","ocean_menu_link_color":"","ocean_menu_link_color_hover":"","ocean_menu_link_color_active":"","ocean_menu_link_background":"","ocean_menu_link_hover_background":"","ocean_menu_link_active_background":"","ocean_menu_social_links_bg":"","ocean_menu_social_hover_links_bg":"","ocean_menu_social_links_color":"","ocean_menu_social_hover_links_color":"","ocean_disable_title":"default","ocean_disable_heading":"default","ocean_post_title":"","ocean_post_subheading":"","ocean_post_title_style":"","ocean_post_title_background_color":"","ocean_post_title_background":0,"ocean_post_title_bg_image_position":"","ocean_post_title_bg_image_attachment":"","ocean_post_title_bg_image_repeat":"","ocean_post_title_bg_image_size":"","ocean_post_title_height":0,"ocean_post_title_bg_overlay":0.5,"ocean_post_title_bg_overlay_color":"","ocean_disable_breadcrumbs":"default","ocean_breadcrumbs_color":"","ocean_breadcrumbs_separator_color":"","ocean_breadcrumbs_links_color":"","ocean_breadcrumbs_links_hover_color":"","ocean_display_footer_widgets":"default","ocean_display_footer_bottom":"default","ocean_custom_footer_template":"","ocean_post_oembed":"","ocean_post_self_hosted_media":"","ocean_post_video_embed":"","ocean_link_format":"","ocean_link_format_target":"self","ocean_quote_format":"","ocean_quote_format_link":"post","ocean_gallery_link_images":"on","ocean_gallery_id":[],"footnotes":""},"categories":[11],"tags":[34,35,37,43],"class_list":["post-5763","post","type-post","status-publish","format-standard","hentry","category-artigos","tag-economia-agricola","tag-fruticultura","tag-santa-catarina","tag-socioeconomia","entry"],"_links":{"self":[{"href":"https:\/\/cepa.epagri.sc.gov.br\/index.php\/wp-json\/wp\/v2\/posts\/5763","targetHints":{"allow":["GET"]}}],"collection":[{"href":"https:\/\/cepa.epagri.sc.gov.br\/index.php\/wp-json\/wp\/v2\/posts"}],"about":[{"href":"https:\/\/cepa.epagri.sc.gov.br\/index.php\/wp-json\/wp\/v2\/types\/post"}],"author":[{"embeddable":true,"href":"https:\/\/cepa.epagri.sc.gov.br\/index.php\/wp-json\/wp\/v2\/users\/2"}],"replies":[{"embeddable":true,"href":"https:\/\/cepa.epagri.sc.gov.br\/index.php\/wp-json\/wp\/v2\/comments?post=5763"}],"version-history":[{"count":13,"href":"https:\/\/cepa.epagri.sc.gov.br\/index.php\/wp-json\/wp\/v2\/posts\/5763\/revisions"}],"predecessor-version":[{"id":8614,"href":"https:\/\/cepa.epagri.sc.gov.br\/index.php\/wp-json\/wp\/v2\/posts\/5763\/revisions\/8614"}],"wp:attachment":[{"href":"https:\/\/cepa.epagri.sc.gov.br\/index.php\/wp-json\/wp\/v2\/media?parent=5763"}],"wp:term":[{"taxonomy":"category","embeddable":true,"href":"https:\/\/cepa.epagri.sc.gov.br\/index.php\/wp-json\/wp\/v2\/categories?post=5763"},{"taxonomy":"post_tag","embeddable":true,"href":"https:\/\/cepa.epagri.sc.gov.br\/index.php\/wp-json\/wp\/v2\/tags?post=5763"}],"curies":[{"name":"wp","href":"https:\/\/api.w.org\/{rel}","templated":true}]}}