{"id":5751,"date":"2017-09-11T09:28:39","date_gmt":"2017-09-11T12:28:39","guid":{"rendered":"https:\/\/cepa.epagri.sc.gov.br\/?p=5751"},"modified":"2019-08-05T18:45:39","modified_gmt":"2019-08-05T21:45:39","slug":"capacidades-percebidas-de-gestao-e-a-renda-de-agricultores-do-sul-do-brasil","status":"publish","type":"post","link":"https:\/\/cepa.epagri.sc.gov.br\/index.php\/capacidades-percebidas-de-gestao-e-a-renda-de-agricultores-do-sul-do-brasil\/","title":{"rendered":"Capacidades percebidas de gest\u00e3o e a renda de agricultores do Sul do Brasil"},"content":{"rendered":"<p style=\"text-align: justify;\">Como compreender as diferen\u00e7as de desempenho entre estabelecimentos agropecu\u00e1rios familiares do Sul do Brasil? No prop\u00f3sito de buscar resposta a essa quest\u00e3o, a estrutura te\u00f3rica da Vis\u00e3o Baseada em Recursos (VBR) permite investigar quais recursos e capacidades contribuem para a gera\u00e7\u00e3o de vantagem competitiva sustent\u00e1vel. Reputa que as empresas apresentam desempenhos diferenciados em decorr\u00eancia da heterogeneidade dos recursos e capacidades de que disp\u00f5em. Por consequ\u00eancia disso, elas deveriam realizar uma avalia\u00e7\u00e3o interna acerca de seus recursos e capacidades, para melhor aproveitar as oportunidades.<\/p>\n<p style=\"text-align: justify;\">Este artigo As capacidades percebidas de gest\u00e3o e a renda de agricultores do Sul do Brasil analisa a associa\u00e7\u00e3o existente entre as capacidades percebidas e a heterogeneidade da renda de agricultores familiares da Regi\u00e3o Sul do Brasil, tendo como abordagem a Vis\u00e3o Baseada em Recursos (VBR).<\/p>\n<p style=\"text-align: justify;\">Al\u00e9m disso, verifica as diferen\u00e7as de renda de seus estabelecimentos agropecu\u00e1rios, tendo em conta os efeitos em anos agr\u00edcolas diferentes. Para tanto, o estudo orienta-se pelos princ\u00edpios da pesquisa qualitativa e quantitativa, utilizando-se da aplica\u00e7\u00e3o de question\u00e1rio aos agricultores e de dados obtidos a partir da contabilidade dessas unidades. Os resultados do teste de hip\u00f3tese sugerem a aceita\u00e7\u00e3o de que as m\u00e9dias e as vari\u00e2ncias de renda s\u00e3o estatisticamente iguais, entre os anos agr\u00edcolas 2014\/15 e 2015\/16.<\/p>\n<p style=\"text-align: justify;\">Por fim, os resultados indicaram tamb\u00e9m evid\u00eancias de que a capacidade de &#8220;gest\u00e3o da informa\u00e7\u00e3o&#8221;; est\u00e1 associada com a renda. <a href=\"https:\/\/docweb.epagri.sc.gov.br\/website_cepa\/Artigos\/Capacidades_percebidas_gestao_renda_agricultores.pdf\">Artigo na integra<\/a><\/p>\n<p>Ano: 2017<\/p>\n<p>Autores:<br \/>\nLuis Augusto Araujo<br \/>\nAlessandra Rodrigues Machado de Araujo<br \/>\nElizabete Catapan<\/p>\n<p>&nbsp;<\/p>\n","protected":false},"excerpt":{"rendered":"<p>Como compreender as diferen\u00e7as de desempenho entre estabelecimentos agropecu\u00e1rios familiares do Sul do Brasil? No prop\u00f3sito de buscar resposta a essa quest\u00e3o, a estrutura te\u00f3rica da Vis\u00e3o Baseada em Recursos (VBR) permite investigar quais recursos e capacidades contribuem para a gera\u00e7\u00e3o de vantagem competitiva sustent\u00e1vel. Reputa que as empresas apresentam desempenhos diferenciados em decorr\u00eancia da heterogeneidade dos recursos e capacidades de que disp\u00f5em. Por consequ\u00eancia disso, elas deveriam realizar uma avalia\u00e7\u00e3o interna acerca de seus recursos e capacidades, para melhor aproveitar as oportunidades. Este artigo As capacidades percebidas de gest\u00e3o e a renda de agricultores do Sul do Brasil analisa a associa\u00e7\u00e3o existente entre as capacidades percebidas e a heterogeneidade da renda de agricultores familiares da Regi\u00e3o Sul do Brasil, tendo como abordagem a Vis\u00e3o Baseada em Recursos (VBR). Al\u00e9m disso, verifica as diferen\u00e7as de renda de seus estabelecimentos agropecu\u00e1rios, tendo em conta os efeitos em anos agr\u00edcolas diferentes. Para tanto, o estudo orienta-se pelos princ\u00edpios da pesquisa qualitativa e quantitativa, utilizando-se da aplica\u00e7\u00e3o de question\u00e1rio aos agricultores e de dados obtidos a partir da contabilidade dessas unidades. Os resultados do teste de hip\u00f3tese sugerem a aceita\u00e7\u00e3o de que as m\u00e9dias e as vari\u00e2ncias de renda s\u00e3o estatisticamente iguais, entre os anos agr\u00edcolas 2014\/15 e 2015\/16. Por fim, os resultados indicaram tamb\u00e9m evid\u00eancias de que a capacidade de &#8220;gest\u00e3o da informa\u00e7\u00e3o&#8221;; est\u00e1 associada com a renda. Artigo na integra Ano: 2017 Autores: Luis Augusto Araujo Alessandra Rodrigues Machado de Araujo Elizabete Catapan &nbsp;<\/p>\n","protected":false},"author":2,"featured_media":0,"comment_status":"closed","ping_status":"closed","sticky":false,"template":"","format":"standard","meta":{"ocean_post_layout":"","ocean_both_sidebars_style":"","ocean_both_sidebars_content_width":0,"ocean_both_sidebars_sidebars_width":0,"ocean_sidebar":"","ocean_second_sidebar":"","ocean_disable_margins":"enable","ocean_add_body_class":"","ocean_shortcode_before_top_bar":"","ocean_shortcode_after_top_bar":"","ocean_shortcode_before_header":"","ocean_shortcode_after_header":"","ocean_has_shortcode":"","ocean_shortcode_after_title":"","ocean_shortcode_before_footer_widgets":"","ocean_shortcode_after_footer_widgets":"","ocean_shortcode_before_footer_bottom":"","ocean_shortcode_after_footer_bottom":"","ocean_display_top_bar":"default","ocean_display_header":"default","ocean_header_style":"","ocean_center_header_left_menu":"","ocean_custom_header_template":"","ocean_custom_logo":0,"ocean_custom_retina_logo":0,"ocean_custom_logo_max_width":0,"ocean_custom_logo_tablet_max_width":0,"ocean_custom_logo_mobile_max_width":0,"ocean_custom_logo_max_height":0,"ocean_custom_logo_tablet_max_height":0,"ocean_custom_logo_mobile_max_height":0,"ocean_header_custom_menu":"","ocean_menu_typo_font_family":"","ocean_menu_typo_font_subset":"","ocean_menu_typo_font_size":0,"ocean_menu_typo_font_size_tablet":0,"ocean_menu_typo_font_size_mobile":0,"ocean_menu_typo_font_size_unit":"px","ocean_menu_typo_font_weight":"","ocean_menu_typo_font_weight_tablet":"","ocean_menu_typo_font_weight_mobile":"","ocean_menu_typo_transform":"","ocean_menu_typo_transform_tablet":"","ocean_menu_typo_transform_mobile":"","ocean_menu_typo_line_height":0,"ocean_menu_typo_line_height_tablet":0,"ocean_menu_typo_line_height_mobile":0,"ocean_menu_typo_line_height_unit":"","ocean_menu_typo_spacing":0,"ocean_menu_typo_spacing_tablet":0,"ocean_menu_typo_spacing_mobile":0,"ocean_menu_typo_spacing_unit":"","ocean_menu_link_color":"","ocean_menu_link_color_hover":"","ocean_menu_link_color_active":"","ocean_menu_link_background":"","ocean_menu_link_hover_background":"","ocean_menu_link_active_background":"","ocean_menu_social_links_bg":"","ocean_menu_social_hover_links_bg":"","ocean_menu_social_links_color":"","ocean_menu_social_hover_links_color":"","ocean_disable_title":"default","ocean_disable_heading":"default","ocean_post_title":"","ocean_post_subheading":"","ocean_post_title_style":"","ocean_post_title_background_color":"","ocean_post_title_background":0,"ocean_post_title_bg_image_position":"","ocean_post_title_bg_image_attachment":"","ocean_post_title_bg_image_repeat":"","ocean_post_title_bg_image_size":"","ocean_post_title_height":0,"ocean_post_title_bg_overlay":0.5,"ocean_post_title_bg_overlay_color":"","ocean_disable_breadcrumbs":"default","ocean_breadcrumbs_color":"","ocean_breadcrumbs_separator_color":"","ocean_breadcrumbs_links_color":"","ocean_breadcrumbs_links_hover_color":"","ocean_display_footer_widgets":"default","ocean_display_footer_bottom":"default","ocean_custom_footer_template":"","ocean_post_oembed":"","ocean_post_self_hosted_media":"","ocean_post_video_embed":"","ocean_link_format":"","ocean_link_format_target":"self","ocean_quote_format":"","ocean_quote_format_link":"post","ocean_gallery_link_images":"on","ocean_gallery_id":[],"footnotes":""},"categories":[11],"tags":[33],"class_list":["post-5751","post","type-post","status-publish","format-standard","hentry","category-artigos","tag-visao-baseada-em-recursos-agricultura-familiar-heterogeneidade-capacidades-gestao","entry"],"_links":{"self":[{"href":"https:\/\/cepa.epagri.sc.gov.br\/index.php\/wp-json\/wp\/v2\/posts\/5751","targetHints":{"allow":["GET"]}}],"collection":[{"href":"https:\/\/cepa.epagri.sc.gov.br\/index.php\/wp-json\/wp\/v2\/posts"}],"about":[{"href":"https:\/\/cepa.epagri.sc.gov.br\/index.php\/wp-json\/wp\/v2\/types\/post"}],"author":[{"embeddable":true,"href":"https:\/\/cepa.epagri.sc.gov.br\/index.php\/wp-json\/wp\/v2\/users\/2"}],"replies":[{"embeddable":true,"href":"https:\/\/cepa.epagri.sc.gov.br\/index.php\/wp-json\/wp\/v2\/comments?post=5751"}],"version-history":[{"count":6,"href":"https:\/\/cepa.epagri.sc.gov.br\/index.php\/wp-json\/wp\/v2\/posts\/5751\/revisions"}],"predecessor-version":[{"id":7623,"href":"https:\/\/cepa.epagri.sc.gov.br\/index.php\/wp-json\/wp\/v2\/posts\/5751\/revisions\/7623"}],"wp:attachment":[{"href":"https:\/\/cepa.epagri.sc.gov.br\/index.php\/wp-json\/wp\/v2\/media?parent=5751"}],"wp:term":[{"taxonomy":"category","embeddable":true,"href":"https:\/\/cepa.epagri.sc.gov.br\/index.php\/wp-json\/wp\/v2\/categories?post=5751"},{"taxonomy":"post_tag","embeddable":true,"href":"https:\/\/cepa.epagri.sc.gov.br\/index.php\/wp-json\/wp\/v2\/tags?post=5751"}],"curies":[{"name":"wp","href":"https:\/\/api.w.org\/{rel}","templated":true}]}}