{"id":5745,"date":"2018-06-27T09:10:01","date_gmt":"2018-06-27T12:10:01","guid":{"rendered":"https:\/\/cepa.epagri.sc.gov.br\/?p=5745"},"modified":"2022-05-09T16:26:37","modified_gmt":"2022-05-09T19:26:37","slug":"mudancas-no-padrao-de-consumo-alimentar","status":"publish","type":"post","link":"https:\/\/cepa.epagri.sc.gov.br\/index.php\/mudancas-no-padrao-de-consumo-alimentar\/","title":{"rendered":"Mudan\u00e7as no padr\u00e3o de consumo alimentar na perspectiva de agricultores familiares do Sul do Brasil"},"content":{"rendered":"<p style=\"text-align: justify;\">As mudan\u00e7as nos padr\u00f5es alimentares das pessoas est\u00e3o ocorrendo em todo o mundo, impactando significativamente a agricultura, os mercados e com\u00e9rcio de alimentos globais, e, com consequ\u00eancias para o bem-estar e a sa\u00fade humana.<\/p>\n<p style=\"text-align: justify;\">Este artigo objetiva apresentar uma perspectiva de agricultores familiares do Sul do Brasil sobre as mudan\u00e7as em andamento no padr\u00e3o de consumo alimentar da sociedade.<\/p>\n<p style=\"text-align: justify;\">Fez-se a op\u00e7\u00e3o pela abordagem de pesquisa qualitativa, explorat\u00f3ria e descritiva. Os dados foram obtidos utilizando-se da t\u00e9cnica de grupo focal e de question\u00e1rio estruturado. As mudan\u00e7as nos padr\u00f5es de consumo s\u00e3o fortemente percebidas como oportunidade pelos agricultores. Em decorr\u00eancia da aplica\u00e7\u00e3o de grupo focal, se permitiu aproveitar da tend\u00eancia humana de formar opini\u00f5es, quando da intera\u00e7\u00e3o entre os agricultores durante as sess\u00f5es realizadas. Al\u00e9m disso, pelo fato das discuss\u00f5es terem sido conduzidas com diferentes grupos, se identificou tamb\u00e9m as narrativas mais presentes e as tend\u00eancias na percep\u00e7\u00e3o sobre os assuntos abordados nas reuni\u00f5es.<\/p>\n<p style=\"text-align: justify;\">A partir da narrativa dos agricultores emergiram cinco categorias intermedi\u00e1rias de an\u00e1lise sobre as mudan\u00e7as nos padr\u00f5es de consumo: (1) mercado; (2) qualidade; (3) alimentos org\u00e2nicos; (4) tecnologia; e, (5) tabaco.<\/p>\n<p style=\"text-align: justify;\">Sinteticamente, entre as principais evidencias reveladas, constam: a preocupa\u00e7\u00e3o com a necessidade de acompanhar o mercado e de produzir para atender a sua demanda; a necessidade de entregar qualidade para atender as expectativas do mercado, como um meio para ter renda e sobreviver; a produ\u00e7\u00e3o de alimentos org\u00e2nicos, entre as tend\u00eancias e proje\u00e7\u00f5es do consumo de alimentos; a valoriza\u00e7\u00e3o e a percep\u00e7\u00e3o sobre as mudan\u00e7as tecnol\u00f3gicas em andamento como uma oportunidade, evidenciando a necessidade da moderniza\u00e7\u00e3o tecnol\u00f3gica; e, a justificativa da op\u00e7\u00e3o pelo cultivo de tabaco, em decorr\u00eancia de trabalharem num contexto de pequenas propriedades rurais.<\/p>\n<p style=\"text-align: justify;\">O entendimento de como os agricultores percebem as mudan\u00e7as no consumo alimentar \u00e9 relevante para se estabelecer estrat\u00e9gias e se definir as a\u00e7\u00f5es a serem implementadas, especialmente, no \u00e2mbito dos estabelecimentos agropecu\u00e1rios e nas cadeias de produ\u00e7\u00e3o em que operam. <a href=\"https:\/\/docweb.epagri.sc.gov.br\/website_cepa\/Artigos\/Padroes_de_consumo.pdf\" target=\"_blank\" rel=\"noopener\">Artigo na integra<\/a><\/p>\n<p>Ano: 2018<\/p>\n<p>Autores:<br \/>\nLuis Augusto Ara\u00fajo; Epagri\/Cepa<br \/>\nAnt\u00f4nio Marcos Feliciano; Epagri\/Cepa<br \/>\nMarcelo Alexandre de S\u00e1; Epagri\/Cepa<br \/>\nL\u00e9o Teobaldo Kroth; Epagri\/Cepa<\/p>\n<p>&nbsp;<\/p>\n<p>&nbsp;<\/p>\n","protected":false},"excerpt":{"rendered":"<p>As mudan\u00e7as nos padr\u00f5es alimentares das pessoas est\u00e3o ocorrendo em todo o mundo, impactando significativamente a agricultura, os mercados e com\u00e9rcio de alimentos globais, e, com consequ\u00eancias para o bem-estar e a sa\u00fade humana. Este artigo objetiva apresentar uma perspectiva de agricultores familiares do Sul do Brasil sobre as mudan\u00e7as em andamento no padr\u00e3o de consumo alimentar da sociedade. Fez-se a op\u00e7\u00e3o pela abordagem de pesquisa qualitativa, explorat\u00f3ria e descritiva. Os dados foram obtidos utilizando-se da t\u00e9cnica de grupo focal e de question\u00e1rio estruturado. As mudan\u00e7as nos padr\u00f5es de consumo s\u00e3o fortemente percebidas como oportunidade pelos agricultores. Em decorr\u00eancia da aplica\u00e7\u00e3o de grupo focal, se permitiu aproveitar da tend\u00eancia humana de formar opini\u00f5es, quando da intera\u00e7\u00e3o entre os agricultores durante as sess\u00f5es realizadas. Al\u00e9m disso, pelo fato das discuss\u00f5es terem sido conduzidas com diferentes grupos, se identificou tamb\u00e9m as narrativas mais presentes e as tend\u00eancias na percep\u00e7\u00e3o sobre os assuntos abordados nas reuni\u00f5es. A partir da narrativa dos agricultores emergiram cinco categorias intermedi\u00e1rias de an\u00e1lise sobre as mudan\u00e7as nos padr\u00f5es de consumo: (1) mercado; (2) qualidade; (3) alimentos org\u00e2nicos; (4) tecnologia; e, (5) tabaco. Sinteticamente, entre as principais evidencias reveladas, constam: a preocupa\u00e7\u00e3o com a necessidade de acompanhar o mercado e de produzir para atender a sua demanda; a necessidade de entregar qualidade para atender as expectativas do mercado, como um meio para ter renda e sobreviver; a produ\u00e7\u00e3o de alimentos org\u00e2nicos, entre as tend\u00eancias e proje\u00e7\u00f5es do consumo de alimentos; a valoriza\u00e7\u00e3o e a percep\u00e7\u00e3o sobre as mudan\u00e7as tecnol\u00f3gicas em andamento como uma oportunidade, evidenciando a necessidade da moderniza\u00e7\u00e3o tecnol\u00f3gica; e, a justificativa da op\u00e7\u00e3o pelo cultivo de tabaco, em decorr\u00eancia de trabalharem num contexto de pequenas propriedades rurais. O entendimento de como os agricultores percebem as mudan\u00e7as no consumo alimentar \u00e9 relevante para se estabelecer estrat\u00e9gias e se definir as a\u00e7\u00f5es a serem implementadas, especialmente, no \u00e2mbito dos estabelecimentos agropecu\u00e1rios e nas cadeias de produ\u00e7\u00e3o em que operam. Artigo na integra Ano: 2018 Autores: Luis Augusto Ara\u00fajo; Epagri\/Cepa Ant\u00f4nio Marcos Feliciano; Epagri\/Cepa Marcelo Alexandre de S\u00e1; Epagri\/Cepa L\u00e9o Teobaldo Kroth; Epagri\/Cepa &nbsp; &nbsp;<\/p>\n","protected":false},"author":2,"featured_media":0,"comment_status":"closed","ping_status":"closed","sticky":false,"template":"","format":"standard","meta":{"ocean_post_layout":"","ocean_both_sidebars_style":"","ocean_both_sidebars_content_width":0,"ocean_both_sidebars_sidebars_width":0,"ocean_sidebar":"","ocean_second_sidebar":"","ocean_disable_margins":"enable","ocean_add_body_class":"","ocean_shortcode_before_top_bar":"","ocean_shortcode_after_top_bar":"","ocean_shortcode_before_header":"","ocean_shortcode_after_header":"","ocean_has_shortcode":"","ocean_shortcode_after_title":"","ocean_shortcode_before_footer_widgets":"","ocean_shortcode_after_footer_widgets":"","ocean_shortcode_before_footer_bottom":"","ocean_shortcode_after_footer_bottom":"","ocean_display_top_bar":"default","ocean_display_header":"default","ocean_header_style":"","ocean_center_header_left_menu":"","ocean_custom_header_template":"","ocean_custom_logo":0,"ocean_custom_retina_logo":0,"ocean_custom_logo_max_width":0,"ocean_custom_logo_tablet_max_width":0,"ocean_custom_logo_mobile_max_width":0,"ocean_custom_logo_max_height":0,"ocean_custom_logo_tablet_max_height":0,"ocean_custom_logo_mobile_max_height":0,"ocean_header_custom_menu":"","ocean_menu_typo_font_family":"","ocean_menu_typo_font_subset":"","ocean_menu_typo_font_size":0,"ocean_menu_typo_font_size_tablet":0,"ocean_menu_typo_font_size_mobile":0,"ocean_menu_typo_font_size_unit":"px","ocean_menu_typo_font_weight":"","ocean_menu_typo_font_weight_tablet":"","ocean_menu_typo_font_weight_mobile":"","ocean_menu_typo_transform":"","ocean_menu_typo_transform_tablet":"","ocean_menu_typo_transform_mobile":"","ocean_menu_typo_line_height":0,"ocean_menu_typo_line_height_tablet":0,"ocean_menu_typo_line_height_mobile":0,"ocean_menu_typo_line_height_unit":"","ocean_menu_typo_spacing":0,"ocean_menu_typo_spacing_tablet":0,"ocean_menu_typo_spacing_mobile":0,"ocean_menu_typo_spacing_unit":"","ocean_menu_link_color":"","ocean_menu_link_color_hover":"","ocean_menu_link_color_active":"","ocean_menu_link_background":"","ocean_menu_link_hover_background":"","ocean_menu_link_active_background":"","ocean_menu_social_links_bg":"","ocean_menu_social_hover_links_bg":"","ocean_menu_social_links_color":"","ocean_menu_social_hover_links_color":"","ocean_disable_title":"default","ocean_disable_heading":"default","ocean_post_title":"","ocean_post_subheading":"","ocean_post_title_style":"","ocean_post_title_background_color":"","ocean_post_title_background":0,"ocean_post_title_bg_image_position":"","ocean_post_title_bg_image_attachment":"","ocean_post_title_bg_image_repeat":"","ocean_post_title_bg_image_size":"","ocean_post_title_height":0,"ocean_post_title_bg_overlay":0.5,"ocean_post_title_bg_overlay_color":"","ocean_disable_breadcrumbs":"default","ocean_breadcrumbs_color":"","ocean_breadcrumbs_separator_color":"","ocean_breadcrumbs_links_color":"","ocean_breadcrumbs_links_hover_color":"","ocean_display_footer_widgets":"default","ocean_display_footer_bottom":"default","ocean_custom_footer_template":"","ocean_post_oembed":"","ocean_post_self_hosted_media":"","ocean_post_video_embed":"","ocean_link_format":"","ocean_link_format_target":"self","ocean_quote_format":"","ocean_quote_format_link":"post","ocean_gallery_link_images":"on","ocean_gallery_id":[],"footnotes":""},"categories":[11],"tags":[114],"class_list":["post-5745","post","type-post","status-publish","format-standard","hentry","category-artigos","tag-padrao-de-consumo-alimentar-agricultura-familiar-grupo-focal-informacao-da-agricultura","entry"],"_links":{"self":[{"href":"https:\/\/cepa.epagri.sc.gov.br\/index.php\/wp-json\/wp\/v2\/posts\/5745","targetHints":{"allow":["GET"]}}],"collection":[{"href":"https:\/\/cepa.epagri.sc.gov.br\/index.php\/wp-json\/wp\/v2\/posts"}],"about":[{"href":"https:\/\/cepa.epagri.sc.gov.br\/index.php\/wp-json\/wp\/v2\/types\/post"}],"author":[{"embeddable":true,"href":"https:\/\/cepa.epagri.sc.gov.br\/index.php\/wp-json\/wp\/v2\/users\/2"}],"replies":[{"embeddable":true,"href":"https:\/\/cepa.epagri.sc.gov.br\/index.php\/wp-json\/wp\/v2\/comments?post=5745"}],"version-history":[{"count":10,"href":"https:\/\/cepa.epagri.sc.gov.br\/index.php\/wp-json\/wp\/v2\/posts\/5745\/revisions"}],"predecessor-version":[{"id":7731,"href":"https:\/\/cepa.epagri.sc.gov.br\/index.php\/wp-json\/wp\/v2\/posts\/5745\/revisions\/7731"}],"wp:attachment":[{"href":"https:\/\/cepa.epagri.sc.gov.br\/index.php\/wp-json\/wp\/v2\/media?parent=5745"}],"wp:term":[{"taxonomy":"category","embeddable":true,"href":"https:\/\/cepa.epagri.sc.gov.br\/index.php\/wp-json\/wp\/v2\/categories?post=5745"},{"taxonomy":"post_tag","embeddable":true,"href":"https:\/\/cepa.epagri.sc.gov.br\/index.php\/wp-json\/wp\/v2\/tags?post=5745"}],"curies":[{"name":"wp","href":"https:\/\/api.w.org\/{rel}","templated":true}]}}