{"id":5743,"date":"2019-09-09T15:28:18","date_gmt":"2019-09-09T18:28:18","guid":{"rendered":"https:\/\/cepa.epagri.sc.gov.br\/?p=5743"},"modified":"2022-05-09T16:24:08","modified_gmt":"2022-05-09T19:24:08","slug":"urbanizacao-e-envelhecimento-da-populacao","status":"publish","type":"post","link":"https:\/\/cepa.epagri.sc.gov.br\/index.php\/urbanizacao-e-envelhecimento-da-populacao\/","title":{"rendered":"Urbaniza\u00e7\u00e3o e envelhecimento da popula\u00e7\u00e3o na perspectiva de agricultores familiares do Sul do Brasil"},"content":{"rendered":"<p style=\"text-align: justify;\">O artigo apresenta a perspectiva de agricultores familiares do Sul do Brasil sobre as mudan\u00e7as demogr\u00e1ficas em andamento, particularmente aquelas relacionadas \u00e0 urbaniza\u00e7\u00e3o e ao crescimento populacional, com envelhecimento da popula\u00e7\u00e3o. A abordagem de pesquisa \u00e9 qualitativa, com os dados obtidos por question\u00e1rio e com t\u00e9cnica de grupo focal, empregando an\u00e1lise de conte\u00fado. Em rela\u00e7\u00e3o \u00e0 tend\u00eancia de crescimento e de envelhecimento populacional, os resultados apontam para uma percep\u00e7\u00e3o de amea\u00e7a, com baixa manifesta\u00e7\u00e3o dos agricultores. Em rela\u00e7\u00e3o \u00e0 urbaniza\u00e7\u00e3o, prevalece a percep\u00e7\u00e3o como sendo uma oportunidade, com manifesta\u00e7\u00f5es de forma intensa. Entre as principais evidencias reveladas destaca-se: maior demanda por alimentos, com reflexos positivos sobre os pre\u00e7os; preocupa\u00e7\u00f5es com a qualidade de vida do rural e do urbano; import\u00e2ncia da for\u00e7a tecnol\u00f3gica, mas ainda insuficiente para frear o processo de urbaniza\u00e7\u00e3o; esgotamento da oferta de trabalho e a consequente eleva\u00e7\u00e3o do seu custo; necessidade de adequa\u00e7\u00f5es da legisla\u00e7\u00e3o trabalhista para a realidade do rural; inquietudes sobre a qualidade da educa\u00e7\u00e3o e sua adequa\u00e7\u00e3o para favorecer a perman\u00eancia dos jovens no campo. A partir dos resultados desse estudo, se espera inspirar e abrir novas linhas de pesquisa, especialmente voltados a compreender as transforma\u00e7\u00f5es do mundo rural. <a href=\"http:\/\/apec.pro.br\/rce\/index.php\/rce\/article\/view\/56\/45\" target=\"_blank\" rel=\"noopener\">Artigo na integra<\/a><\/p>\n<p>Ano: 2018<\/p>\n<p>Autores:<br \/>\nLuis Augusto Ara\u00fajo; Epagri\/Cepa<br \/>\nLuiz Torezan; Epagri\/Cepa<\/p>\n<p>&nbsp;<\/p>\n","protected":false},"excerpt":{"rendered":"<p>O artigo apresenta a perspectiva de agricultores familiares do Sul do Brasil sobre as mudan\u00e7as demogr\u00e1ficas em andamento, particularmente aquelas relacionadas \u00e0 urbaniza\u00e7\u00e3o e ao crescimento populacional, com envelhecimento da popula\u00e7\u00e3o. A abordagem de pesquisa \u00e9 qualitativa, com os dados obtidos por question\u00e1rio e com t\u00e9cnica de grupo focal, empregando an\u00e1lise de conte\u00fado. Em rela\u00e7\u00e3o \u00e0 tend\u00eancia de crescimento e de envelhecimento populacional, os resultados apontam para uma percep\u00e7\u00e3o de amea\u00e7a, com baixa manifesta\u00e7\u00e3o dos agricultores. Em rela\u00e7\u00e3o \u00e0 urbaniza\u00e7\u00e3o, prevalece a percep\u00e7\u00e3o como sendo uma oportunidade, com manifesta\u00e7\u00f5es de forma intensa. Entre as principais evidencias reveladas destaca-se: maior demanda por alimentos, com reflexos positivos sobre os pre\u00e7os; preocupa\u00e7\u00f5es com a qualidade de vida do rural e do urbano; import\u00e2ncia da for\u00e7a tecnol\u00f3gica, mas ainda insuficiente para frear o processo de urbaniza\u00e7\u00e3o; esgotamento da oferta de trabalho e a consequente eleva\u00e7\u00e3o do seu custo; necessidade de adequa\u00e7\u00f5es da legisla\u00e7\u00e3o trabalhista para a realidade do rural; inquietudes sobre a qualidade da educa\u00e7\u00e3o e sua adequa\u00e7\u00e3o para favorecer a perman\u00eancia dos jovens no campo. A partir dos resultados desse estudo, se espera inspirar e abrir novas linhas de pesquisa, especialmente voltados a compreender as transforma\u00e7\u00f5es do mundo rural. Artigo na integra Ano: 2018 Autores: Luis Augusto Ara\u00fajo; Epagri\/Cepa Luiz Torezan; Epagri\/Cepa &nbsp;<\/p>\n","protected":false},"author":2,"featured_media":0,"comment_status":"closed","ping_status":"closed","sticky":false,"template":"","format":"standard","meta":{"ocean_post_layout":"","ocean_both_sidebars_style":"","ocean_both_sidebars_content_width":0,"ocean_both_sidebars_sidebars_width":0,"ocean_sidebar":"","ocean_second_sidebar":"","ocean_disable_margins":"enable","ocean_add_body_class":"","ocean_shortcode_before_top_bar":"","ocean_shortcode_after_top_bar":"","ocean_shortcode_before_header":"","ocean_shortcode_after_header":"","ocean_has_shortcode":"","ocean_shortcode_after_title":"","ocean_shortcode_before_footer_widgets":"","ocean_shortcode_after_footer_widgets":"","ocean_shortcode_before_footer_bottom":"","ocean_shortcode_after_footer_bottom":"","ocean_display_top_bar":"default","ocean_display_header":"default","ocean_header_style":"","ocean_center_header_left_menu":"","ocean_custom_header_template":"","ocean_custom_logo":0,"ocean_custom_retina_logo":0,"ocean_custom_logo_max_width":0,"ocean_custom_logo_tablet_max_width":0,"ocean_custom_logo_mobile_max_width":0,"ocean_custom_logo_max_height":0,"ocean_custom_logo_tablet_max_height":0,"ocean_custom_logo_mobile_max_height":0,"ocean_header_custom_menu":"","ocean_menu_typo_font_family":"","ocean_menu_typo_font_subset":"","ocean_menu_typo_font_size":0,"ocean_menu_typo_font_size_tablet":0,"ocean_menu_typo_font_size_mobile":0,"ocean_menu_typo_font_size_unit":"px","ocean_menu_typo_font_weight":"","ocean_menu_typo_font_weight_tablet":"","ocean_menu_typo_font_weight_mobile":"","ocean_menu_typo_transform":"","ocean_menu_typo_transform_tablet":"","ocean_menu_typo_transform_mobile":"","ocean_menu_typo_line_height":0,"ocean_menu_typo_line_height_tablet":0,"ocean_menu_typo_line_height_mobile":0,"ocean_menu_typo_line_height_unit":"","ocean_menu_typo_spacing":0,"ocean_menu_typo_spacing_tablet":0,"ocean_menu_typo_spacing_mobile":0,"ocean_menu_typo_spacing_unit":"","ocean_menu_link_color":"","ocean_menu_link_color_hover":"","ocean_menu_link_color_active":"","ocean_menu_link_background":"","ocean_menu_link_hover_background":"","ocean_menu_link_active_background":"","ocean_menu_social_links_bg":"","ocean_menu_social_hover_links_bg":"","ocean_menu_social_links_color":"","ocean_menu_social_hover_links_color":"","ocean_disable_title":"default","ocean_disable_heading":"default","ocean_post_title":"","ocean_post_subheading":"","ocean_post_title_style":"","ocean_post_title_background_color":"","ocean_post_title_background":0,"ocean_post_title_bg_image_position":"","ocean_post_title_bg_image_attachment":"","ocean_post_title_bg_image_repeat":"","ocean_post_title_bg_image_size":"","ocean_post_title_height":0,"ocean_post_title_bg_overlay":0.5,"ocean_post_title_bg_overlay_color":"","ocean_disable_breadcrumbs":"default","ocean_breadcrumbs_color":"","ocean_breadcrumbs_separator_color":"","ocean_breadcrumbs_links_color":"","ocean_breadcrumbs_links_hover_color":"","ocean_display_footer_widgets":"default","ocean_display_footer_bottom":"default","ocean_custom_footer_template":"","ocean_post_oembed":"","ocean_post_self_hosted_media":"","ocean_post_video_embed":"","ocean_link_format":"","ocean_link_format_target":"self","ocean_quote_format":"","ocean_quote_format_link":"post","ocean_gallery_link_images":"on","ocean_gallery_id":[],"footnotes":""},"categories":[11],"tags":[29],"class_list":["post-5743","post","type-post","status-publish","format-standard","hentry","category-artigos","tag-urbanizacao-envelhecimento-da-populacao-agricultura-familiar","entry"],"_links":{"self":[{"href":"https:\/\/cepa.epagri.sc.gov.br\/index.php\/wp-json\/wp\/v2\/posts\/5743","targetHints":{"allow":["GET"]}}],"collection":[{"href":"https:\/\/cepa.epagri.sc.gov.br\/index.php\/wp-json\/wp\/v2\/posts"}],"about":[{"href":"https:\/\/cepa.epagri.sc.gov.br\/index.php\/wp-json\/wp\/v2\/types\/post"}],"author":[{"embeddable":true,"href":"https:\/\/cepa.epagri.sc.gov.br\/index.php\/wp-json\/wp\/v2\/users\/2"}],"replies":[{"embeddable":true,"href":"https:\/\/cepa.epagri.sc.gov.br\/index.php\/wp-json\/wp\/v2\/comments?post=5743"}],"version-history":[{"count":16,"href":"https:\/\/cepa.epagri.sc.gov.br\/index.php\/wp-json\/wp\/v2\/posts\/5743\/revisions"}],"predecessor-version":[{"id":7792,"href":"https:\/\/cepa.epagri.sc.gov.br\/index.php\/wp-json\/wp\/v2\/posts\/5743\/revisions\/7792"}],"wp:attachment":[{"href":"https:\/\/cepa.epagri.sc.gov.br\/index.php\/wp-json\/wp\/v2\/media?parent=5743"}],"wp:term":[{"taxonomy":"category","embeddable":true,"href":"https:\/\/cepa.epagri.sc.gov.br\/index.php\/wp-json\/wp\/v2\/categories?post=5743"},{"taxonomy":"post_tag","embeddable":true,"href":"https:\/\/cepa.epagri.sc.gov.br\/index.php\/wp-json\/wp\/v2\/tags?post=5743"}],"curies":[{"name":"wp","href":"https:\/\/api.w.org\/{rel}","templated":true}]}}