{"id":14991,"date":"2025-07-02T08:49:57","date_gmt":"2025-07-02T11:49:57","guid":{"rendered":"http:\/\/localhost\/site-cepa\/?p=14991"},"modified":"2025-09-03T10:17:40","modified_gmt":"2025-09-03T13:17:40","slug":"estudo-socioeconomico-dos-programas-fundiarios-no-estado-de-santa-catarina","status":"publish","type":"post","link":"https:\/\/cepa.epagri.sc.gov.br\/index.php\/estudo-socioeconomico-dos-programas-fundiarios-no-estado-de-santa-catarina\/","title":{"rendered":"Estudo Socioecon\u00f4mico dos Programas Fundi\u00e1rios no Estado de Santa Catarina"},"content":{"rendered":"\n<p><strong>L\u00edder<\/strong>: Jurandi Teodoro Gugel<\/p>\n\n\n\n<p><strong>Resumo:<\/strong>&nbsp;Para a Secretaria de Estado da Agricultura e da Pesca, \u00e9 fundamental identificar os avan\u00e7os e limites dos programas fundi\u00e1rios em SC. O \u00faltimo estudo realizada foi em 2010, sendo necess\u00e1rio atualizar informa\u00e7\u00f5es e an\u00e1lises sobre o novo contexto em que as a\u00e7\u00f5es dessas pol\u00edticas est\u00e3o inseridas. Dessa forma, a centralidade do presente estudo \u00e9 responder as seguintes quest\u00f5es: Como evoluiu a situa\u00e7\u00e3o socioecon\u00f4mica dos benefici\u00e1rios dos programas de acesso a terra em Santa Catarina no per\u00edodo de 2010 a 2017 ? Que a\u00e7\u00f5es s\u00e3o necess\u00e1rias para aprimorar os programas de acesso aterra em Santa Catarina?<\/p>\n","protected":false},"excerpt":{"rendered":"<p>L\u00edder: Jurandi Teodoro Gugel Resumo:&nbsp;Para a Secretaria de Estado da Agricultura e da Pesca, \u00e9 fundamental identificar os avan\u00e7os e limites dos programas fundi\u00e1rios em SC. O \u00faltimo estudo realizada foi em 2010, sendo necess\u00e1rio atualizar informa\u00e7\u00f5es e an\u00e1lises sobre o novo contexto em que as a\u00e7\u00f5es dessas pol\u00edticas est\u00e3o inseridas. Dessa forma, a centralidade do presente estudo \u00e9 responder as seguintes quest\u00f5es: Como evoluiu a situa\u00e7\u00e3o socioecon\u00f4mica dos benefici\u00e1rios dos programas de acesso a terra em Santa Catarina no per\u00edodo de 2010 a 2017 ? Que a\u00e7\u00f5es s\u00e3o necess\u00e1rias para aprimorar os programas de acesso aterra em Santa Catarina?<\/p>\n","protected":false},"author":7,"featured_media":15441,"comment_status":"closed","ping_status":"open","sticky":false,"template":"","format":"standard","meta":{"ocean_post_layout":"","ocean_both_sidebars_style":"","ocean_both_sidebars_content_width":0,"ocean_both_sidebars_sidebars_width":0,"ocean_sidebar":"","ocean_second_sidebar":"","ocean_disable_margins":"enable","ocean_add_body_class":"","ocean_shortcode_before_top_bar":"","ocean_shortcode_after_top_bar":"","ocean_shortcode_before_header":"","ocean_shortcode_after_header":"","ocean_has_shortcode":"","ocean_shortcode_after_title":"","ocean_shortcode_before_footer_widgets":"","ocean_shortcode_after_footer_widgets":"","ocean_shortcode_before_footer_bottom":"","ocean_shortcode_after_footer_bottom":"","ocean_display_top_bar":"default","ocean_display_header":"default","ocean_header_style":"","ocean_center_header_left_menu":"","ocean_custom_header_template":"","ocean_custom_logo":0,"ocean_custom_retina_logo":0,"ocean_custom_logo_max_width":0,"ocean_custom_logo_tablet_max_width":0,"ocean_custom_logo_mobile_max_width":0,"ocean_custom_logo_max_height":0,"ocean_custom_logo_tablet_max_height":0,"ocean_custom_logo_mobile_max_height":0,"ocean_header_custom_menu":"","ocean_menu_typo_font_family":"","ocean_menu_typo_font_subset":"","ocean_menu_typo_font_size":0,"ocean_menu_typo_font_size_tablet":0,"ocean_menu_typo_font_size_mobile":0,"ocean_menu_typo_font_size_unit":"px","ocean_menu_typo_font_weight":"","ocean_menu_typo_font_weight_tablet":"","ocean_menu_typo_font_weight_mobile":"","ocean_menu_typo_transform":"","ocean_menu_typo_transform_tablet":"","ocean_menu_typo_transform_mobile":"","ocean_menu_typo_line_height":0,"ocean_menu_typo_line_height_tablet":0,"ocean_menu_typo_line_height_mobile":0,"ocean_menu_typo_line_height_unit":"","ocean_menu_typo_spacing":0,"ocean_menu_typo_spacing_tablet":0,"ocean_menu_typo_spacing_mobile":0,"ocean_menu_typo_spacing_unit":"","ocean_menu_link_color":"","ocean_menu_link_color_hover":"","ocean_menu_link_color_active":"","ocean_menu_link_background":"","ocean_menu_link_hover_background":"","ocean_menu_link_active_background":"","ocean_menu_social_links_bg":"","ocean_menu_social_hover_links_bg":"","ocean_menu_social_links_color":"","ocean_menu_social_hover_links_color":"","ocean_disable_title":"default","ocean_disable_heading":"default","ocean_post_title":"","ocean_post_subheading":"","ocean_post_title_style":"","ocean_post_title_background_color":"","ocean_post_title_background":0,"ocean_post_title_bg_image_position":"","ocean_post_title_bg_image_attachment":"","ocean_post_title_bg_image_repeat":"","ocean_post_title_bg_image_size":"","ocean_post_title_height":0,"ocean_post_title_bg_overlay":0.5,"ocean_post_title_bg_overlay_color":"","ocean_disable_breadcrumbs":"default","ocean_breadcrumbs_color":"","ocean_breadcrumbs_separator_color":"","ocean_breadcrumbs_links_color":"","ocean_breadcrumbs_links_hover_color":"","ocean_display_footer_widgets":"default","ocean_display_footer_bottom":"default","ocean_custom_footer_template":"","ocean_post_oembed":"","ocean_post_self_hosted_media":"","ocean_post_video_embed":"","ocean_link_format":"","ocean_link_format_target":"self","ocean_quote_format":"","ocean_quote_format_link":"post","ocean_gallery_link_images":"on","ocean_gallery_id":[],"footnotes":""},"categories":[161,153],"tags":[],"class_list":["post-14991","post","type-post","status-publish","format-standard","has-post-thumbnail","hentry","category-concluido","category-projetos","entry","has-media"],"_links":{"self":[{"href":"https:\/\/cepa.epagri.sc.gov.br\/index.php\/wp-json\/wp\/v2\/posts\/14991","targetHints":{"allow":["GET"]}}],"collection":[{"href":"https:\/\/cepa.epagri.sc.gov.br\/index.php\/wp-json\/wp\/v2\/posts"}],"about":[{"href":"https:\/\/cepa.epagri.sc.gov.br\/index.php\/wp-json\/wp\/v2\/types\/post"}],"author":[{"embeddable":true,"href":"https:\/\/cepa.epagri.sc.gov.br\/index.php\/wp-json\/wp\/v2\/users\/7"}],"replies":[{"embeddable":true,"href":"https:\/\/cepa.epagri.sc.gov.br\/index.php\/wp-json\/wp\/v2\/comments?post=14991"}],"version-history":[{"count":1,"href":"https:\/\/cepa.epagri.sc.gov.br\/index.php\/wp-json\/wp\/v2\/posts\/14991\/revisions"}],"predecessor-version":[{"id":14992,"href":"https:\/\/cepa.epagri.sc.gov.br\/index.php\/wp-json\/wp\/v2\/posts\/14991\/revisions\/14992"}],"wp:featuredmedia":[{"embeddable":true,"href":"https:\/\/cepa.epagri.sc.gov.br\/index.php\/wp-json\/wp\/v2\/media\/15441"}],"wp:attachment":[{"href":"https:\/\/cepa.epagri.sc.gov.br\/index.php\/wp-json\/wp\/v2\/media?parent=14991"}],"wp:term":[{"taxonomy":"category","embeddable":true,"href":"https:\/\/cepa.epagri.sc.gov.br\/index.php\/wp-json\/wp\/v2\/categories?post=14991"},{"taxonomy":"post_tag","embeddable":true,"href":"https:\/\/cepa.epagri.sc.gov.br\/index.php\/wp-json\/wp\/v2\/tags?post=14991"}],"curies":[{"name":"wp","href":"https:\/\/api.w.org\/{rel}","templated":true}]}}