{"id":14989,"date":"2025-07-02T08:49:13","date_gmt":"2025-07-02T11:49:13","guid":{"rendered":"http:\/\/localhost\/site-cepa\/?p=14989"},"modified":"2025-09-03T10:17:40","modified_gmt":"2025-09-03T13:17:40","slug":"gestao-de-unidades-de-producao-agropecuaria-familiar-do-sul-do-brasil-proposicao-de-acoes-a-partir-da-percepcao-dos-agricultores","status":"publish","type":"post","link":"https:\/\/cepa.epagri.sc.gov.br\/index.php\/gestao-de-unidades-de-producao-agropecuaria-familiar-do-sul-do-brasil-proposicao-de-acoes-a-partir-da-percepcao-dos-agricultores\/","title":{"rendered":"Gest\u00e3o de Unidades de Produ\u00e7\u00e3o Agropecu\u00e1ria Familiar do Sul do Brasil: proposi\u00e7\u00e3o de a\u00e7\u00f5es a partir da percep\u00e7\u00e3o dos agricultores"},"content":{"rendered":"\n<p><strong>L\u00edder<\/strong>: Luis Augusto Araujo<\/p>\n\n\n\n<p><strong>Resumo:<\/strong>&nbsp;O tema da gest\u00e3o quando vinculado a um extrato social espec\u00edfico, como o \u00e9 das unidades de produ\u00e7\u00e3o agropecu\u00e1ria familiar, tem pouca abordagem acad\u00eamica que enfatiza o entendimento de sua pr\u00e1tica e realidade. Al\u00e9m disso, tecnologias de gest\u00e3o na \u00e1rea da agricultura familiar ainda s\u00e3o incipientes e precisam ser aprimoradas para efetivamente qualificar este setor de atividade. Por tais motivos se faz necess\u00e1rio ouvir e diagnosticar o que pensam estes agricultores e como eles constru\u00edram ao longo do tempo suas formas de gest\u00e3o. Em fun\u00e7\u00e3o destes aspectos \u00e9 que, neste projeto de pesquisa, se re\u00fanem uma s\u00e9rie de \u00f3rg\u00e3os para pens\u00e1-la, bem como pensar formas de sua pr\u00f3pria atua\u00e7\u00e3o. As principais quest\u00f5es norteadoras deste projeto s\u00e3o: (a) quais s\u00e3o os pontos fracos, os pontos fortes, as amea\u00e7as e as oportunidades das unidades de produ\u00e7\u00e3o na percep\u00e7\u00e3o dos agricultores? (b) que a\u00e7\u00f5es podem ser propostas para a melhoria socioecon\u00f4mica e das oportunidades de inclus\u00e3o social dos agricultores?<\/p>\n","protected":false},"excerpt":{"rendered":"<p>L\u00edder: Luis Augusto Araujo Resumo:&nbsp;O tema da gest\u00e3o quando vinculado a um extrato social espec\u00edfico, como o \u00e9 das unidades de produ\u00e7\u00e3o agropecu\u00e1ria familiar, tem pouca abordagem acad\u00eamica que enfatiza o entendimento de sua pr\u00e1tica e realidade. Al\u00e9m disso, tecnologias de gest\u00e3o na \u00e1rea da agricultura familiar ainda s\u00e3o incipientes e precisam ser aprimoradas para efetivamente qualificar este setor de atividade. Por tais motivos se faz necess\u00e1rio ouvir e diagnosticar o que pensam estes agricultores e como eles constru\u00edram ao longo do tempo suas formas de gest\u00e3o. Em fun\u00e7\u00e3o destes aspectos \u00e9 que, neste projeto de pesquisa, se re\u00fanem uma s\u00e9rie de \u00f3rg\u00e3os para pens\u00e1-la, bem como pensar formas de sua pr\u00f3pria atua\u00e7\u00e3o. As principais quest\u00f5es norteadoras deste projeto s\u00e3o: (a) quais s\u00e3o os pontos fracos, os pontos fortes, as amea\u00e7as e as oportunidades das unidades de produ\u00e7\u00e3o na percep\u00e7\u00e3o dos agricultores? (b) que a\u00e7\u00f5es podem ser propostas para a melhoria socioecon\u00f4mica e das oportunidades de inclus\u00e3o social dos agricultores?<\/p>\n","protected":false},"author":7,"featured_media":15442,"comment_status":"closed","ping_status":"open","sticky":false,"template":"","format":"standard","meta":{"ocean_post_layout":"","ocean_both_sidebars_style":"","ocean_both_sidebars_content_width":0,"ocean_both_sidebars_sidebars_width":0,"ocean_sidebar":"","ocean_second_sidebar":"","ocean_disable_margins":"enable","ocean_add_body_class":"","ocean_shortcode_before_top_bar":"","ocean_shortcode_after_top_bar":"","ocean_shortcode_before_header":"","ocean_shortcode_after_header":"","ocean_has_shortcode":"","ocean_shortcode_after_title":"","ocean_shortcode_before_footer_widgets":"","ocean_shortcode_after_footer_widgets":"","ocean_shortcode_before_footer_bottom":"","ocean_shortcode_after_footer_bottom":"","ocean_display_top_bar":"default","ocean_display_header":"default","ocean_header_style":"","ocean_center_header_left_menu":"","ocean_custom_header_template":"","ocean_custom_logo":0,"ocean_custom_retina_logo":0,"ocean_custom_logo_max_width":0,"ocean_custom_logo_tablet_max_width":0,"ocean_custom_logo_mobile_max_width":0,"ocean_custom_logo_max_height":0,"ocean_custom_logo_tablet_max_height":0,"ocean_custom_logo_mobile_max_height":0,"ocean_header_custom_menu":"","ocean_menu_typo_font_family":"","ocean_menu_typo_font_subset":"","ocean_menu_typo_font_size":0,"ocean_menu_typo_font_size_tablet":0,"ocean_menu_typo_font_size_mobile":0,"ocean_menu_typo_font_size_unit":"px","ocean_menu_typo_font_weight":"","ocean_menu_typo_font_weight_tablet":"","ocean_menu_typo_font_weight_mobile":"","ocean_menu_typo_transform":"","ocean_menu_typo_transform_tablet":"","ocean_menu_typo_transform_mobile":"","ocean_menu_typo_line_height":0,"ocean_menu_typo_line_height_tablet":0,"ocean_menu_typo_line_height_mobile":0,"ocean_menu_typo_line_height_unit":"","ocean_menu_typo_spacing":0,"ocean_menu_typo_spacing_tablet":0,"ocean_menu_typo_spacing_mobile":0,"ocean_menu_typo_spacing_unit":"","ocean_menu_link_color":"","ocean_menu_link_color_hover":"","ocean_menu_link_color_active":"","ocean_menu_link_background":"","ocean_menu_link_hover_background":"","ocean_menu_link_active_background":"","ocean_menu_social_links_bg":"","ocean_menu_social_hover_links_bg":"","ocean_menu_social_links_color":"","ocean_menu_social_hover_links_color":"","ocean_disable_title":"default","ocean_disable_heading":"default","ocean_post_title":"","ocean_post_subheading":"","ocean_post_title_style":"","ocean_post_title_background_color":"","ocean_post_title_background":0,"ocean_post_title_bg_image_position":"","ocean_post_title_bg_image_attachment":"","ocean_post_title_bg_image_repeat":"","ocean_post_title_bg_image_size":"","ocean_post_title_height":0,"ocean_post_title_bg_overlay":0.5,"ocean_post_title_bg_overlay_color":"","ocean_disable_breadcrumbs":"default","ocean_breadcrumbs_color":"","ocean_breadcrumbs_separator_color":"","ocean_breadcrumbs_links_color":"","ocean_breadcrumbs_links_hover_color":"","ocean_display_footer_widgets":"default","ocean_display_footer_bottom":"default","ocean_custom_footer_template":"","ocean_post_oembed":"","ocean_post_self_hosted_media":"","ocean_post_video_embed":"","ocean_link_format":"","ocean_link_format_target":"self","ocean_quote_format":"","ocean_quote_format_link":"post","ocean_gallery_link_images":"on","ocean_gallery_id":[],"footnotes":""},"categories":[161],"tags":[],"class_list":["post-14989","post","type-post","status-publish","format-standard","has-post-thumbnail","hentry","category-concluido","entry","has-media"],"_links":{"self":[{"href":"https:\/\/cepa.epagri.sc.gov.br\/index.php\/wp-json\/wp\/v2\/posts\/14989","targetHints":{"allow":["GET"]}}],"collection":[{"href":"https:\/\/cepa.epagri.sc.gov.br\/index.php\/wp-json\/wp\/v2\/posts"}],"about":[{"href":"https:\/\/cepa.epagri.sc.gov.br\/index.php\/wp-json\/wp\/v2\/types\/post"}],"author":[{"embeddable":true,"href":"https:\/\/cepa.epagri.sc.gov.br\/index.php\/wp-json\/wp\/v2\/users\/7"}],"replies":[{"embeddable":true,"href":"https:\/\/cepa.epagri.sc.gov.br\/index.php\/wp-json\/wp\/v2\/comments?post=14989"}],"version-history":[{"count":1,"href":"https:\/\/cepa.epagri.sc.gov.br\/index.php\/wp-json\/wp\/v2\/posts\/14989\/revisions"}],"predecessor-version":[{"id":14990,"href":"https:\/\/cepa.epagri.sc.gov.br\/index.php\/wp-json\/wp\/v2\/posts\/14989\/revisions\/14990"}],"wp:featuredmedia":[{"embeddable":true,"href":"https:\/\/cepa.epagri.sc.gov.br\/index.php\/wp-json\/wp\/v2\/media\/15442"}],"wp:attachment":[{"href":"https:\/\/cepa.epagri.sc.gov.br\/index.php\/wp-json\/wp\/v2\/media?parent=14989"}],"wp:term":[{"taxonomy":"category","embeddable":true,"href":"https:\/\/cepa.epagri.sc.gov.br\/index.php\/wp-json\/wp\/v2\/categories?post=14989"},{"taxonomy":"post_tag","embeddable":true,"href":"https:\/\/cepa.epagri.sc.gov.br\/index.php\/wp-json\/wp\/v2\/tags?post=14989"}],"curies":[{"name":"wp","href":"https:\/\/api.w.org\/{rel}","templated":true}]}}