{"id":14609,"date":"2025-06-30T12:47:23","date_gmt":"2025-06-30T15:47:23","guid":{"rendered":"http:\/\/localhost\/site-cepa\/?p=14609"},"modified":"2025-06-30T12:47:24","modified_gmt":"2025-06-30T15:47:24","slug":"agronegocios-familiares-do-sul-do-brasil-percepcoes-do-agricultor-sobre-o-seu-ambiente-2017","status":"publish","type":"post","link":"https:\/\/cepa.epagri.sc.gov.br\/index.php\/agronegocios-familiares-do-sul-do-brasil-percepcoes-do-agricultor-sobre-o-seu-ambiente-2017\/","title":{"rendered":"Agroneg\u00f3cios familiares do Sul do Brasil Percep\u00e7\u00f5es do agricultor sobre o seu ambiente &#8211; 2017"},"content":{"rendered":"\n<p><strong>Resumo:<\/strong>&nbsp;Este Boletim T\u00e9cnico apresenta as percep\u00e7\u00f5es de agricultores respons\u00e1veis por agroneg\u00f3cios familiares, localizados nos estados do Rio Grande do Sul, Santa Catarina e Paran\u00e1, sobre um conjunto de vari\u00e1veis de seu ambiente externo e interno, que influenciam a cria\u00e7\u00e3o de suas estrat\u00e9gias e as suas pr\u00e1ticas&nbsp; e gest\u00e3o. Os pontos fortes dos agroneg\u00f3cios familiares permitem explorar as oportunidades externas, demonstrando, ao mesmo tempo, que os pontos fracos precisam ser encurralados para minimizar as amea\u00e7as. Tendo em conta essa perspectiva, foi aplicado question\u00e1rio junto aos agricultores e suas fam\u00edlias para a obten\u00e7\u00e3o dos dados prim\u00e1rios. Os resultados do estudo apontaram para o predom\u00ednio da percep\u00e7\u00e3o de amea\u00e7a para o ambiente externo por parte dos entrevistados. Em contrapartida, as vari\u00e1veis do ambiente interno foram predominantemente percebidas como pontos fortes. O estudo traz resultados que refor\u00e7am a necessidade de&nbsp; desenvolvimento de pol\u00edticas p\u00fablicas que estejam em sintonia com a vis\u00e3o do p\u00fablico beneficiado. Os dados&nbsp;levantados precisam ser considerados na proposi\u00e7\u00e3o de pol\u00edticas por parte dos agentes p\u00fablicos, nas a\u00e7\u00f5es de&nbsp; extens\u00e3o rural, bem como na proposi\u00e7\u00e3o de novos estudos&nbsp;relacionados ao tema da gest\u00e3o.<\/p>\n\n\n\n<p><strong>Autores:&nbsp;<br><\/strong>Luis Augusto Araujo<br>Alexandre Lu\u00eds Giehl<br>Ant\u00f4nio Marco Feliciano<br>Claudimir Rodrigues<br>Marlene Grade<\/p>\n\n\n\n<p><strong>Forma de disponibiliza\u00e7\u00e3o<\/strong>&nbsp;<br>&nbsp;&nbsp;Livre download&nbsp;<a href=\"https:\/\/docweb.epagri.sc.gov.br\/website_cepa\/publicacoes\/Agronegocios_familiares_Sul_Brasil.pdf\" target=\"_blank\" rel=\"noreferrer noopener\">[ CLIQUE AQUI ]&nbsp;<\/a><\/p>\n","protected":false},"excerpt":{"rendered":"<p>Resumo:&nbsp;Este Boletim T\u00e9cnico apresenta as percep\u00e7\u00f5es de agricultores respons\u00e1veis por agroneg\u00f3cios familiares, localizados nos estados do Rio Grande do Sul, Santa Catarina e Paran\u00e1, sobre um conjunto de vari\u00e1veis de seu ambiente externo e interno, que influenciam a cria\u00e7\u00e3o de suas estrat\u00e9gias e as suas pr\u00e1ticas&nbsp; e gest\u00e3o. Os pontos fortes dos agroneg\u00f3cios familiares permitem explorar as oportunidades externas, demonstrando, ao mesmo tempo, que os pontos fracos precisam ser encurralados para minimizar as amea\u00e7as. Tendo em conta essa perspectiva, foi aplicado question\u00e1rio junto aos agricultores e suas fam\u00edlias para a obten\u00e7\u00e3o dos dados prim\u00e1rios. Os resultados do estudo apontaram para o predom\u00ednio da percep\u00e7\u00e3o de amea\u00e7a para o ambiente externo por parte dos entrevistados. Em contrapartida, as vari\u00e1veis do ambiente interno foram predominantemente percebidas como pontos fortes. O estudo traz resultados que refor\u00e7am a necessidade de&nbsp; desenvolvimento de pol\u00edticas p\u00fablicas que estejam em sintonia com a vis\u00e3o do p\u00fablico beneficiado. Os dados&nbsp;levantados precisam ser considerados na proposi\u00e7\u00e3o de pol\u00edticas por parte dos agentes p\u00fablicos, nas a\u00e7\u00f5es de&nbsp; extens\u00e3o rural, bem como na proposi\u00e7\u00e3o de novos estudos&nbsp;relacionados ao tema da gest\u00e3o. Autores:&nbsp;Luis Augusto AraujoAlexandre Lu\u00eds GiehlAnt\u00f4nio Marco FelicianoClaudimir RodriguesMarlene Grade Forma de disponibiliza\u00e7\u00e3o&nbsp;&nbsp;&nbsp;Livre download&nbsp;[ CLIQUE AQUI ]&nbsp;<\/p>\n","protected":false},"author":7,"featured_media":0,"comment_status":"closed","ping_status":"open","sticky":false,"template":"","format":"standard","meta":{"ocean_post_layout":"","ocean_both_sidebars_style":"","ocean_both_sidebars_content_width":0,"ocean_both_sidebars_sidebars_width":0,"ocean_sidebar":"","ocean_second_sidebar":"","ocean_disable_margins":"enable","ocean_add_body_class":"","ocean_shortcode_before_top_bar":"","ocean_shortcode_after_top_bar":"","ocean_shortcode_before_header":"","ocean_shortcode_after_header":"","ocean_has_shortcode":"","ocean_shortcode_after_title":"","ocean_shortcode_before_footer_widgets":"","ocean_shortcode_after_footer_widgets":"","ocean_shortcode_before_footer_bottom":"","ocean_shortcode_after_footer_bottom":"","ocean_display_top_bar":"default","ocean_display_header":"default","ocean_header_style":"","ocean_center_header_left_menu":"","ocean_custom_header_template":"","ocean_custom_logo":0,"ocean_custom_retina_logo":0,"ocean_custom_logo_max_width":0,"ocean_custom_logo_tablet_max_width":0,"ocean_custom_logo_mobile_max_width":0,"ocean_custom_logo_max_height":0,"ocean_custom_logo_tablet_max_height":0,"ocean_custom_logo_mobile_max_height":0,"ocean_header_custom_menu":"","ocean_menu_typo_font_family":"","ocean_menu_typo_font_subset":"","ocean_menu_typo_font_size":0,"ocean_menu_typo_font_size_tablet":0,"ocean_menu_typo_font_size_mobile":0,"ocean_menu_typo_font_size_unit":"px","ocean_menu_typo_font_weight":"","ocean_menu_typo_font_weight_tablet":"","ocean_menu_typo_font_weight_mobile":"","ocean_menu_typo_transform":"","ocean_menu_typo_transform_tablet":"","ocean_menu_typo_transform_mobile":"","ocean_menu_typo_line_height":0,"ocean_menu_typo_line_height_tablet":0,"ocean_menu_typo_line_height_mobile":0,"ocean_menu_typo_line_height_unit":"","ocean_menu_typo_spacing":0,"ocean_menu_typo_spacing_tablet":0,"ocean_menu_typo_spacing_mobile":0,"ocean_menu_typo_spacing_unit":"","ocean_menu_link_color":"","ocean_menu_link_color_hover":"","ocean_menu_link_color_active":"","ocean_menu_link_background":"","ocean_menu_link_hover_background":"","ocean_menu_link_active_background":"","ocean_menu_social_links_bg":"","ocean_menu_social_hover_links_bg":"","ocean_menu_social_links_color":"","ocean_menu_social_hover_links_color":"","ocean_disable_title":"default","ocean_disable_heading":"default","ocean_post_title":"","ocean_post_subheading":"","ocean_post_title_style":"","ocean_post_title_background_color":"","ocean_post_title_background":0,"ocean_post_title_bg_image_position":"","ocean_post_title_bg_image_attachment":"","ocean_post_title_bg_image_repeat":"","ocean_post_title_bg_image_size":"","ocean_post_title_height":0,"ocean_post_title_bg_overlay":0.5,"ocean_post_title_bg_overlay_color":"","ocean_disable_breadcrumbs":"default","ocean_breadcrumbs_color":"","ocean_breadcrumbs_separator_color":"","ocean_breadcrumbs_links_color":"","ocean_breadcrumbs_links_hover_color":"","ocean_display_footer_widgets":"default","ocean_display_footer_bottom":"default","ocean_custom_footer_template":"","ocean_post_oembed":"","ocean_post_self_hosted_media":"","ocean_post_video_embed":"","ocean_link_format":"","ocean_link_format_target":"self","ocean_quote_format":"","ocean_quote_format_link":"post","ocean_gallery_link_images":"on","ocean_gallery_id":[],"footnotes":""},"categories":[148],"tags":[],"class_list":["post-14609","post","type-post","status-publish","format-standard","hentry","category-boletim-tecnico","entry"],"_links":{"self":[{"href":"https:\/\/cepa.epagri.sc.gov.br\/index.php\/wp-json\/wp\/v2\/posts\/14609","targetHints":{"allow":["GET"]}}],"collection":[{"href":"https:\/\/cepa.epagri.sc.gov.br\/index.php\/wp-json\/wp\/v2\/posts"}],"about":[{"href":"https:\/\/cepa.epagri.sc.gov.br\/index.php\/wp-json\/wp\/v2\/types\/post"}],"author":[{"embeddable":true,"href":"https:\/\/cepa.epagri.sc.gov.br\/index.php\/wp-json\/wp\/v2\/users\/7"}],"replies":[{"embeddable":true,"href":"https:\/\/cepa.epagri.sc.gov.br\/index.php\/wp-json\/wp\/v2\/comments?post=14609"}],"version-history":[{"count":1,"href":"https:\/\/cepa.epagri.sc.gov.br\/index.php\/wp-json\/wp\/v2\/posts\/14609\/revisions"}],"predecessor-version":[{"id":14610,"href":"https:\/\/cepa.epagri.sc.gov.br\/index.php\/wp-json\/wp\/v2\/posts\/14609\/revisions\/14610"}],"wp:attachment":[{"href":"https:\/\/cepa.epagri.sc.gov.br\/index.php\/wp-json\/wp\/v2\/media?parent=14609"}],"wp:term":[{"taxonomy":"category","embeddable":true,"href":"https:\/\/cepa.epagri.sc.gov.br\/index.php\/wp-json\/wp\/v2\/categories?post=14609"},{"taxonomy":"post_tag","embeddable":true,"href":"https:\/\/cepa.epagri.sc.gov.br\/index.php\/wp-json\/wp\/v2\/tags?post=14609"}],"curies":[{"name":"wp","href":"https:\/\/api.w.org\/{rel}","templated":true}]}}