{"id":14603,"date":"2025-06-30T12:44:21","date_gmt":"2025-06-30T15:44:21","guid":{"rendered":"http:\/\/localhost\/site-cepa\/?p=14603"},"modified":"2025-06-30T12:44:23","modified_gmt":"2025-06-30T15:44:23","slug":"perdas-provocadas-por-tempestades-em-algumas-regioes-do-estado-de-santa-catarina-14-e-15-de-agosto-de-2020","status":"publish","type":"post","link":"https:\/\/cepa.epagri.sc.gov.br\/index.php\/perdas-provocadas-por-tempestades-em-algumas-regioes-do-estado-de-santa-catarina-14-e-15-de-agosto-de-2020\/","title":{"rendered":"Perdas provocadas por tempestades em algumas regi\u00f5es do estado de Santa Catarina: 14 e 15 de agosto de 2020"},"content":{"rendered":"\n<p><strong>Resumo:<\/strong>&nbsp;Nos dias 14 e 15 de agosto de 2020 ocorreu, novamente, um evento clim\u00e1tico extremo, com forma\u00e7\u00e3o de tornado, em Santa Catarina. As fortes rajadas de ventos e tempestades atingiram praticamente todo o Estado. Em raz\u00e3o desta ocorr\u00eancia a diretoria da Epagri decidiu pela realiza\u00e7\u00e3o de um levantamento das perdas ocorridas nos estabelecimentos agropecu\u00e1rios dos 22 munic\u00edpios atingidos, que efetivamente registraram perdas econ\u00f4micas e financeiras. O levantamento foi coordenado pelo Centro de Socioeconomia e Planejamento Agr\u00edcola da Epagri (Epagri\/Cepa), com a participa\u00e7\u00e3o das Ger\u00eancias Regionais e Escrit\u00f3rios Municipais dos munic\u00edpios atingidos. Os extensionistas municipais foram os respons\u00e1veis pelo preenchimento de question\u00e1rios no per\u00edodo de 17 a 19 de agosto de 2020. Entre os aspectos levantados est\u00e3o o n\u00famero de estabelecimentos agropecu\u00e1rios atingidos, as perdas em lavouras tempor\u00e1rias e permanentes, em pomares, em reflorestamento e na produ\u00e7\u00e3o pecu\u00e1ria, a morte de animais, os danos em insumos, m\u00e1quinas e equipamentos e em benfeitorias dos estabelecimentos agropecu\u00e1rios. O presente documento \u00e9 o resultado deste trabalho, demonstrando as ocorr\u00eancias nos 22 munic\u00edpios, concentrados no Planalto Sul, Planalto Norte, Meio-Oeste e Litoral Norte Catarinense, abrangendo 1.119 estabelecimentos agropecu\u00e1rios, com perdas estimadas em R$ 50.249.133,40. O objetivo deste levantamento foi contribuir para e com as a\u00e7\u00f5es p\u00fablicas de apoio aos munic\u00edpios e agricultores atingidos pelo fen\u00f4meno. No \u00e2mbito do Governo do Estado, de maneira especial para e com as decis\u00f5es da Secretaria de Estado da Agricultura da Pesca e do Desenvolvimento Rural e da Defesa Civil.&nbsp;<\/p>\n\n\n\n<p><strong>Autores:&nbsp;<br><\/strong>Alexandre Lu\u00eds Giehl<br>Anderson Nascimento Monteiro<br>Fernando Vieira de Luca<br>Gils\u00e2nia de Souza Cruz<br>Glaucia de Almeida Padr\u00e3o<br>Janice Maria Waintuch Reiter<br>Jo\u00e3o Rog\u00e9rio Alves<br>Jurandi Teodoro Gugel<br>L\u00e9o Teobaldo Kroth<br>Marcelo Alexandre de S\u00e1<br>Marcia Mondardo<br>Rog\u00e9rio Goulart J\u00fanior<br>Tabajara Marcondes<\/p>\n\n\n\n<p><strong>Forma de disponibiliza\u00e7\u00e3o<\/strong>&nbsp;<br>&nbsp;&nbsp;Livre download&nbsp;<a href=\"https:\/\/docweb.epagri.sc.gov.br\/website_cepa\/publicacoes\/Perdas_provocadas_por_tempestades_Santa_catarina_2020.pdf\" target=\"_blank\" rel=\"noreferrer noopener\">[ CLIQUE AQUI ]&nbsp;<\/a>&nbsp;<\/p>\n","protected":false},"excerpt":{"rendered":"<p>Resumo:&nbsp;Nos dias 14 e 15 de agosto de 2020 ocorreu, novamente, um evento clim\u00e1tico extremo, com forma\u00e7\u00e3o de tornado, em Santa Catarina. As fortes rajadas de ventos e tempestades atingiram praticamente todo o Estado. Em raz\u00e3o desta ocorr\u00eancia a diretoria da Epagri decidiu pela realiza\u00e7\u00e3o de um levantamento das perdas ocorridas nos estabelecimentos agropecu\u00e1rios dos 22 munic\u00edpios atingidos, que efetivamente registraram perdas econ\u00f4micas e financeiras. O levantamento foi coordenado pelo Centro de Socioeconomia e Planejamento Agr\u00edcola da Epagri (Epagri\/Cepa), com a participa\u00e7\u00e3o das Ger\u00eancias Regionais e Escrit\u00f3rios Municipais dos munic\u00edpios atingidos. Os extensionistas municipais foram os respons\u00e1veis pelo preenchimento de question\u00e1rios no per\u00edodo de 17 a 19 de agosto de 2020. Entre os aspectos levantados est\u00e3o o n\u00famero de estabelecimentos agropecu\u00e1rios atingidos, as perdas em lavouras tempor\u00e1rias e permanentes, em pomares, em reflorestamento e na produ\u00e7\u00e3o pecu\u00e1ria, a morte de animais, os danos em insumos, m\u00e1quinas e equipamentos e em benfeitorias dos estabelecimentos agropecu\u00e1rios. O presente documento \u00e9 o resultado deste trabalho, demonstrando as ocorr\u00eancias nos 22 munic\u00edpios, concentrados no Planalto Sul, Planalto Norte, Meio-Oeste e Litoral Norte Catarinense, abrangendo 1.119 estabelecimentos agropecu\u00e1rios, com perdas estimadas em R$ 50.249.133,40. O objetivo deste levantamento foi contribuir para e com as a\u00e7\u00f5es p\u00fablicas de apoio aos munic\u00edpios e agricultores atingidos pelo fen\u00f4meno. No \u00e2mbito do Governo do Estado, de maneira especial para e com as decis\u00f5es da Secretaria de Estado da Agricultura da Pesca e do Desenvolvimento Rural e da Defesa Civil.&nbsp; Autores:&nbsp;Alexandre Lu\u00eds GiehlAnderson Nascimento MonteiroFernando Vieira de LucaGils\u00e2nia de Souza CruzGlaucia de Almeida Padr\u00e3oJanice Maria Waintuch ReiterJo\u00e3o Rog\u00e9rio AlvesJurandi Teodoro GugelL\u00e9o Teobaldo KrothMarcelo Alexandre de S\u00e1Marcia MondardoRog\u00e9rio Goulart J\u00faniorTabajara Marcondes Forma de disponibiliza\u00e7\u00e3o&nbsp;&nbsp;&nbsp;Livre download&nbsp;[ CLIQUE AQUI ]&nbsp;&nbsp;<\/p>\n","protected":false},"author":7,"featured_media":0,"comment_status":"closed","ping_status":"open","sticky":false,"template":"","format":"standard","meta":{"ocean_post_layout":"","ocean_both_sidebars_style":"","ocean_both_sidebars_content_width":0,"ocean_both_sidebars_sidebars_width":0,"ocean_sidebar":"","ocean_second_sidebar":"","ocean_disable_margins":"enable","ocean_add_body_class":"","ocean_shortcode_before_top_bar":"","ocean_shortcode_after_top_bar":"","ocean_shortcode_before_header":"","ocean_shortcode_after_header":"","ocean_has_shortcode":"","ocean_shortcode_after_title":"","ocean_shortcode_before_footer_widgets":"","ocean_shortcode_after_footer_widgets":"","ocean_shortcode_before_footer_bottom":"","ocean_shortcode_after_footer_bottom":"","ocean_display_top_bar":"default","ocean_display_header":"default","ocean_header_style":"","ocean_center_header_left_menu":"","ocean_custom_header_template":"","ocean_custom_logo":0,"ocean_custom_retina_logo":0,"ocean_custom_logo_max_width":0,"ocean_custom_logo_tablet_max_width":0,"ocean_custom_logo_mobile_max_width":0,"ocean_custom_logo_max_height":0,"ocean_custom_logo_tablet_max_height":0,"ocean_custom_logo_mobile_max_height":0,"ocean_header_custom_menu":"","ocean_menu_typo_font_family":"","ocean_menu_typo_font_subset":"","ocean_menu_typo_font_size":0,"ocean_menu_typo_font_size_tablet":0,"ocean_menu_typo_font_size_mobile":0,"ocean_menu_typo_font_size_unit":"px","ocean_menu_typo_font_weight":"","ocean_menu_typo_font_weight_tablet":"","ocean_menu_typo_font_weight_mobile":"","ocean_menu_typo_transform":"","ocean_menu_typo_transform_tablet":"","ocean_menu_typo_transform_mobile":"","ocean_menu_typo_line_height":0,"ocean_menu_typo_line_height_tablet":0,"ocean_menu_typo_line_height_mobile":0,"ocean_menu_typo_line_height_unit":"","ocean_menu_typo_spacing":0,"ocean_menu_typo_spacing_tablet":0,"ocean_menu_typo_spacing_mobile":0,"ocean_menu_typo_spacing_unit":"","ocean_menu_link_color":"","ocean_menu_link_color_hover":"","ocean_menu_link_color_active":"","ocean_menu_link_background":"","ocean_menu_link_hover_background":"","ocean_menu_link_active_background":"","ocean_menu_social_links_bg":"","ocean_menu_social_hover_links_bg":"","ocean_menu_social_links_color":"","ocean_menu_social_hover_links_color":"","ocean_disable_title":"default","ocean_disable_heading":"default","ocean_post_title":"","ocean_post_subheading":"","ocean_post_title_style":"","ocean_post_title_background_color":"","ocean_post_title_background":0,"ocean_post_title_bg_image_position":"","ocean_post_title_bg_image_attachment":"","ocean_post_title_bg_image_repeat":"","ocean_post_title_bg_image_size":"","ocean_post_title_height":0,"ocean_post_title_bg_overlay":0.5,"ocean_post_title_bg_overlay_color":"","ocean_disable_breadcrumbs":"default","ocean_breadcrumbs_color":"","ocean_breadcrumbs_separator_color":"","ocean_breadcrumbs_links_color":"","ocean_breadcrumbs_links_hover_color":"","ocean_display_footer_widgets":"default","ocean_display_footer_bottom":"default","ocean_custom_footer_template":"","ocean_post_oembed":"","ocean_post_self_hosted_media":"","ocean_post_video_embed":"","ocean_link_format":"","ocean_link_format_target":"self","ocean_quote_format":"","ocean_quote_format_link":"post","ocean_gallery_link_images":"on","ocean_gallery_id":[],"footnotes":""},"categories":[149],"tags":[],"class_list":["post-14603","post","type-post","status-publish","format-standard","hentry","category-documentos","entry"],"_links":{"self":[{"href":"https:\/\/cepa.epagri.sc.gov.br\/index.php\/wp-json\/wp\/v2\/posts\/14603","targetHints":{"allow":["GET"]}}],"collection":[{"href":"https:\/\/cepa.epagri.sc.gov.br\/index.php\/wp-json\/wp\/v2\/posts"}],"about":[{"href":"https:\/\/cepa.epagri.sc.gov.br\/index.php\/wp-json\/wp\/v2\/types\/post"}],"author":[{"embeddable":true,"href":"https:\/\/cepa.epagri.sc.gov.br\/index.php\/wp-json\/wp\/v2\/users\/7"}],"replies":[{"embeddable":true,"href":"https:\/\/cepa.epagri.sc.gov.br\/index.php\/wp-json\/wp\/v2\/comments?post=14603"}],"version-history":[{"count":1,"href":"https:\/\/cepa.epagri.sc.gov.br\/index.php\/wp-json\/wp\/v2\/posts\/14603\/revisions"}],"predecessor-version":[{"id":14604,"href":"https:\/\/cepa.epagri.sc.gov.br\/index.php\/wp-json\/wp\/v2\/posts\/14603\/revisions\/14604"}],"wp:attachment":[{"href":"https:\/\/cepa.epagri.sc.gov.br\/index.php\/wp-json\/wp\/v2\/media?parent=14603"}],"wp:term":[{"taxonomy":"category","embeddable":true,"href":"https:\/\/cepa.epagri.sc.gov.br\/index.php\/wp-json\/wp\/v2\/categories?post=14603"},{"taxonomy":"post_tag","embeddable":true,"href":"https:\/\/cepa.epagri.sc.gov.br\/index.php\/wp-json\/wp\/v2\/tags?post=14603"}],"curies":[{"name":"wp","href":"https:\/\/api.w.org\/{rel}","templated":true}]}}