{"id":13864,"date":"2024-10-07T15:44:06","date_gmt":"2024-10-07T18:44:06","guid":{"rendered":"https:\/\/cepa.epagri.sc.gov.br\/?p=13864"},"modified":"2024-10-07T15:46:16","modified_gmt":"2024-10-07T18:46:16","slug":"evolucao-da-idade-de-abate-de-bovinos-em-santa-catarina-uma-analise-preliminar","status":"publish","type":"post","link":"https:\/\/cepa.epagri.sc.gov.br\/index.php\/evolucao-da-idade-de-abate-de-bovinos-em-santa-catarina-uma-analise-preliminar\/","title":{"rendered":"Evolu\u00e7\u00e3o da idade de abate de bovinos em Santa Catarina: Uma an\u00e1lise preliminar"},"content":{"rendered":"\t\t<div data-elementor-type=\"wp-post\" data-elementor-id=\"13864\" class=\"elementor elementor-13864\">\n\t\t\t\t\t\t<section class=\"elementor-section elementor-top-section elementor-element elementor-element-b9f737d elementor-section-boxed elementor-section-height-default elementor-section-height-default wpr-particle-no wpr-jarallax-no wpr-parallax-no wpr-sticky-section-no wpr-equal-height-no\" data-id=\"b9f737d\" data-element_type=\"section\" data-e-type=\"section\">\n\t\t\t\t\t\t<div class=\"elementor-container elementor-column-gap-default\">\n\t\t\t\t\t<div class=\"elementor-column elementor-col-100 elementor-top-column elementor-element elementor-element-e19f0fe\" data-id=\"e19f0fe\" data-element_type=\"column\" data-e-type=\"column\">\n\t\t\t<div class=\"elementor-widget-wrap elementor-element-populated\">\n\t\t\t\t\t\t<div class=\"elementor-element elementor-element-4916cc8 elementor-widget elementor-widget-text-editor\" data-id=\"4916cc8\" data-element_type=\"widget\" data-e-type=\"widget\" data-widget_type=\"text-editor.default\">\n\t\t\t\t<div class=\"elementor-widget-container\">\n\t\t\t\t\t\t\t\t\t<p>A melhoria dos \u00edndices zoot\u00e9cnicos do rebanho bovino, como a idade de abate, \u00e9 fator primordial para a lucratividade e sustentabilidade da atividade. Tendo em vista sua reduzida \u00e1rea e posi\u00e7\u00e3o intermedi\u00e1ria no ranking nacional, a bovinocultura catarinense deve se pautar na qualidade para garantir sua competitividade. Em raz\u00e3o disso, este artigo analisou a evolu\u00e7\u00e3o na idade de abate de bovinos em Santa Catarina e identificou diferen\u00e7as regionais. Entre 1997 e 2023, a participa\u00e7\u00e3o de animais de at\u00e9 24 meses no total de abates no estado passou de 18,8% para 36,7%, enquanto a m\u00e9dia nacional manteve-se quase inalterada. A an\u00e1lise dos dados regionais demonstrou diferen\u00e7as expressivas entre as seis mesorregi\u00f5es do estado, com destaque para o Norte Catarinense, onde 49% dos animais abatidos em 2023 tinham at\u00e9 24 meses. Em parte, as diferen\u00e7as s\u00e3o explicadas pela<br>finalidade da atividade (leite ou corte), embora padr\u00f5es tecnol\u00f3gicos distintos tamb\u00e9m possam ter grande influ\u00eancia nos resultados. &nbsp;<a href=\"https:\/\/docweb.epagri.sc.gov.br\/website_cepa\/Artigos\/Evolucao_idade_Abate_Bovinos_SC.pdf\" target=\"_blank\" rel=\"noopener noreferrer\">Artigo na integra<\/a><\/p>\n<p>Autor:<br>Alexandre Lu\u00eds Giehl \u2013 alexandregiehl@epagri.sc.gov.br<\/p>\t\t\t\t\t\t\t\t<\/div>\n\t\t\t\t<\/div>\n\t\t\t\t\t<\/div>\n\t\t<\/div>\n\t\t\t\t\t<\/div>\n\t\t<\/section>\n\t\t\t\t<\/div>\n\t\t","protected":false},"excerpt":{"rendered":"<p>A melhoria dos \u00edndices zoot\u00e9cnicos do rebanho bovino, como a idade de abate, \u00e9 fator primordial para a lucratividade e sustentabilidade da atividade. Tendo em vista sua reduzida \u00e1rea e posi\u00e7\u00e3o intermedi\u00e1ria no ranking nacional, a bovinocultura catarinense deve se pautar na qualidade para garantir sua competitividade. Em raz\u00e3o disso, este artigo analisou a evolu\u00e7\u00e3o na idade de abate de bovinos em Santa Catarina e identificou diferen\u00e7as regionais. Entre 1997 e 2023, a participa\u00e7\u00e3o de animais de at\u00e9 24 meses no total de abates no estado passou de 18,8% para 36,7%, enquanto a m\u00e9dia nacional manteve-se quase inalterada. A an\u00e1lise dos dados regionais demonstrou diferen\u00e7as expressivas entre as seis mesorregi\u00f5es do estado, com destaque para o Norte Catarinense, onde 49% dos animais abatidos em 2023 tinham at\u00e9 24 meses. Em parte, as diferen\u00e7as s\u00e3o explicadas pelafinalidade da atividade (leite ou corte), embora padr\u00f5es tecnol\u00f3gicos distintos tamb\u00e9m possam ter grande influ\u00eancia nos resultados. &nbsp;Artigo na integra Autor:Alexandre Lu\u00eds Giehl \u2013 alexandregiehl@epagri.sc.gov.br<\/p>\n","protected":false},"author":3,"featured_media":0,"comment_status":"closed","ping_status":"open","sticky":false,"template":"","format":"standard","meta":{"ocean_post_layout":"","ocean_both_sidebars_style":"","ocean_both_sidebars_content_width":0,"ocean_both_sidebars_sidebars_width":0,"ocean_sidebar":"","ocean_second_sidebar":"","ocean_disable_margins":"enable","ocean_add_body_class":"","ocean_shortcode_before_top_bar":"","ocean_shortcode_after_top_bar":"","ocean_shortcode_before_header":"","ocean_shortcode_after_header":"","ocean_has_shortcode":"","ocean_shortcode_after_title":"","ocean_shortcode_before_footer_widgets":"","ocean_shortcode_after_footer_widgets":"","ocean_shortcode_before_footer_bottom":"","ocean_shortcode_after_footer_bottom":"","ocean_display_top_bar":"default","ocean_display_header":"default","ocean_header_style":"","ocean_center_header_left_menu":"","ocean_custom_header_template":"","ocean_custom_logo":0,"ocean_custom_retina_logo":0,"ocean_custom_logo_max_width":0,"ocean_custom_logo_tablet_max_width":0,"ocean_custom_logo_mobile_max_width":0,"ocean_custom_logo_max_height":0,"ocean_custom_logo_tablet_max_height":0,"ocean_custom_logo_mobile_max_height":0,"ocean_header_custom_menu":"","ocean_menu_typo_font_family":"","ocean_menu_typo_font_subset":"","ocean_menu_typo_font_size":0,"ocean_menu_typo_font_size_tablet":0,"ocean_menu_typo_font_size_mobile":0,"ocean_menu_typo_font_size_unit":"px","ocean_menu_typo_font_weight":"","ocean_menu_typo_font_weight_tablet":"","ocean_menu_typo_font_weight_mobile":"","ocean_menu_typo_transform":"","ocean_menu_typo_transform_tablet":"","ocean_menu_typo_transform_mobile":"","ocean_menu_typo_line_height":0,"ocean_menu_typo_line_height_tablet":0,"ocean_menu_typo_line_height_mobile":0,"ocean_menu_typo_line_height_unit":"","ocean_menu_typo_spacing":0,"ocean_menu_typo_spacing_tablet":0,"ocean_menu_typo_spacing_mobile":0,"ocean_menu_typo_spacing_unit":"","ocean_menu_link_color":"","ocean_menu_link_color_hover":"","ocean_menu_link_color_active":"","ocean_menu_link_background":"","ocean_menu_link_hover_background":"","ocean_menu_link_active_background":"","ocean_menu_social_links_bg":"","ocean_menu_social_hover_links_bg":"","ocean_menu_social_links_color":"","ocean_menu_social_hover_links_color":"","ocean_disable_title":"default","ocean_disable_heading":"default","ocean_post_title":"","ocean_post_subheading":"","ocean_post_title_style":"","ocean_post_title_background_color":"","ocean_post_title_background":0,"ocean_post_title_bg_image_position":"","ocean_post_title_bg_image_attachment":"","ocean_post_title_bg_image_repeat":"","ocean_post_title_bg_image_size":"","ocean_post_title_height":0,"ocean_post_title_bg_overlay":0.5,"ocean_post_title_bg_overlay_color":"","ocean_disable_breadcrumbs":"default","ocean_breadcrumbs_color":"","ocean_breadcrumbs_separator_color":"","ocean_breadcrumbs_links_color":"","ocean_breadcrumbs_links_hover_color":"","ocean_display_footer_widgets":"default","ocean_display_footer_bottom":"default","ocean_custom_footer_template":"","ocean_post_oembed":"","ocean_post_self_hosted_media":"","ocean_post_video_embed":"","ocean_link_format":"","ocean_link_format_target":"self","ocean_quote_format":"","ocean_quote_format_link":"post","ocean_gallery_link_images":"on","ocean_gallery_id":[],"footnotes":""},"categories":[11],"tags":[143],"class_list":["post-13864","post","type-post","status-publish","format-standard","hentry","category-artigos","tag-novilho-precoce-idade-de-abate-pecuaria-de-corte-bovinocultura-carne-bovina","entry"],"_links":{"self":[{"href":"https:\/\/cepa.epagri.sc.gov.br\/index.php\/wp-json\/wp\/v2\/posts\/13864","targetHints":{"allow":["GET"]}}],"collection":[{"href":"https:\/\/cepa.epagri.sc.gov.br\/index.php\/wp-json\/wp\/v2\/posts"}],"about":[{"href":"https:\/\/cepa.epagri.sc.gov.br\/index.php\/wp-json\/wp\/v2\/types\/post"}],"author":[{"embeddable":true,"href":"https:\/\/cepa.epagri.sc.gov.br\/index.php\/wp-json\/wp\/v2\/users\/3"}],"replies":[{"embeddable":true,"href":"https:\/\/cepa.epagri.sc.gov.br\/index.php\/wp-json\/wp\/v2\/comments?post=13864"}],"version-history":[{"count":7,"href":"https:\/\/cepa.epagri.sc.gov.br\/index.php\/wp-json\/wp\/v2\/posts\/13864\/revisions"}],"predecessor-version":[{"id":13871,"href":"https:\/\/cepa.epagri.sc.gov.br\/index.php\/wp-json\/wp\/v2\/posts\/13864\/revisions\/13871"}],"wp:attachment":[{"href":"https:\/\/cepa.epagri.sc.gov.br\/index.php\/wp-json\/wp\/v2\/media?parent=13864"}],"wp:term":[{"taxonomy":"category","embeddable":true,"href":"https:\/\/cepa.epagri.sc.gov.br\/index.php\/wp-json\/wp\/v2\/categories?post=13864"},{"taxonomy":"post_tag","embeddable":true,"href":"https:\/\/cepa.epagri.sc.gov.br\/index.php\/wp-json\/wp\/v2\/tags?post=13864"}],"curies":[{"name":"wp","href":"https:\/\/api.w.org\/{rel}","templated":true}]}}