{"id":13273,"date":"2023-08-23T15:12:19","date_gmt":"2023-08-23T18:12:19","guid":{"rendered":"https:\/\/cepa.epagri.sc.gov.br\/?p=13273"},"modified":"2023-08-23T15:41:44","modified_gmt":"2023-08-23T18:41:44","slug":"analise-de-indicadores-da-dinamica-da-estrutura-produtiva-e-economica-na-fruticultura-catarinense-2002-2019","status":"publish","type":"post","link":"https:\/\/cepa.epagri.sc.gov.br\/index.php\/analise-de-indicadores-da-dinamica-da-estrutura-produtiva-e-economica-na-fruticultura-catarinense-2002-2019\/","title":{"rendered":"An\u00e1lise de indicadores da din\u00e2mica da estrutura produtiva e econ\u00f4mica na fruticultura catarinense (2002-2019)"},"content":{"rendered":"\t\t<div data-elementor-type=\"wp-post\" data-elementor-id=\"13273\" class=\"elementor elementor-13273\">\n\t\t\t\t\t\t<section class=\"elementor-section elementor-top-section elementor-element elementor-element-428a510 elementor-section-boxed elementor-section-height-default elementor-section-height-default wpr-particle-no wpr-jarallax-no wpr-parallax-no wpr-sticky-section-no wpr-equal-height-no\" data-id=\"428a510\" data-element_type=\"section\" data-e-type=\"section\">\n\t\t\t\t\t\t<div class=\"elementor-container elementor-column-gap-default\">\n\t\t\t\t\t<div class=\"elementor-column elementor-col-100 elementor-top-column elementor-element elementor-element-92641ae\" data-id=\"92641ae\" data-element_type=\"column\" data-e-type=\"column\">\n\t\t\t<div class=\"elementor-widget-wrap elementor-element-populated\">\n\t\t\t\t\t\t<div class=\"elementor-element elementor-element-4bbcb13 elementor-widget elementor-widget-text-editor\" data-id=\"4bbcb13\" data-element_type=\"widget\" data-e-type=\"widget\" data-widget_type=\"text-editor.default\">\n\t\t\t\t<div class=\"elementor-widget-container\">\n\t\t\t\t\t\t\t\t\t<p style=\"font-style: normal; font-variant-ligatures: normal; font-variant-caps: normal; font-weight: 400;\"><span style=\"color: #222222; font-family: Verdana, sans-serif; font-size: 9pt;\">Na an\u00e1lise da din\u00e2mica produtiva e econ\u00f4mica da fruticultura catarinense \u00e9 importante observar a evolu\u00e7\u00e3o das culturas nas microrregi\u00f5es estaduais com maior concentra\u00e7\u00e3o e especializa\u00e7\u00e3o como a bananicultura e a cultura da ma\u00e7\u00e3 que apresentam grande representa\u00e7\u00e3o nacional. E ainda culturas mais recentes com grande amplia\u00e7\u00e3o de \u00e1rea e produ\u00e7\u00e3o como a do maracuj\u00e1. A pesquisa de indicadores regionais de concentra\u00e7\u00e3o, especializa\u00e7\u00e3o e participa\u00e7\u00e3o setorial da fruticultura \u00e9 relevante para aprimorar outros estudos sobre a din\u00e2mica das cadeias produtivas da agricultura no estado catarinense e gerar informa\u00e7\u00f5es para melhoria na coordena\u00e7\u00e3o e no planejamento agr\u00edcola setorial e p\u00fablico.<\/span><span style=\"color: #222222; font-family: Arial, Helvetica, sans-serif; font-size: small; font-style: normal; font-variant-ligatures: normal; font-variant-caps: normal; font-weight: 400;\">&nbsp;<\/span><a style=\"color: #222222; font-family: Roboto, sans-serif; font-size: 14px; font-style: normal; font-variant-ligatures: normal; font-variant-caps: normal; font-weight: 400; background-color: #ffffff; text-decoration-line: underline; cursor: pointer; text-underline-offset: 3px;\" href=\"https:\/\/docweb.epagri.sc.gov.br\/website_cepa\/Artigos\/APEC_23_Analise_indicadores_fruticultura_catarinense.pdf\" target=\"_blank\" rel=\"noopener noreferrer\">Artigo na integra<\/a><span style=\"color: #4a4a4a; font-family: Roboto; font-size: 14px; font-style: normal; font-variant-ligatures: normal; font-variant-caps: normal; font-weight: 400;\">&nbsp;<br><\/span><span style=\"color: #4a4a4a; font-family: Verdana, sans-serif; font-size: 9pt;\"><br>Autores<br><\/span><span style=\"font-size: 14px; font-variant-ligatures: normal; font-variant-caps: normal; color: var( --e-global-color-text );\">Rog\u00e9rio Goulart Junior, Dr. (Epagri\/Cepa)<br><\/span><span style=\"font-size: 14px; font-variant-ligatures: normal; font-variant-caps: normal; color: var( --e-global-color-text );\">Luiz Henrique de Sousa (SAR e Udesc)<\/span><\/p>\t\t\t\t\t\t\t\t<\/div>\n\t\t\t\t<\/div>\n\t\t\t\t\t<\/div>\n\t\t<\/div>\n\t\t\t\t\t<\/div>\n\t\t<\/section>\n\t\t\t\t<\/div>\n\t\t","protected":false},"excerpt":{"rendered":"<p>Na an\u00e1lise da din\u00e2mica produtiva e econ\u00f4mica da fruticultura catarinense \u00e9 importante observar a evolu\u00e7\u00e3o das culturas nas microrregi\u00f5es estaduais com maior concentra\u00e7\u00e3o e especializa\u00e7\u00e3o como a bananicultura e a cultura da ma\u00e7\u00e3 que apresentam grande representa\u00e7\u00e3o nacional. E ainda culturas mais recentes com grande amplia\u00e7\u00e3o de \u00e1rea e produ\u00e7\u00e3o como a do maracuj\u00e1. A pesquisa de indicadores regionais de concentra\u00e7\u00e3o, especializa\u00e7\u00e3o e participa\u00e7\u00e3o setorial da fruticultura \u00e9 relevante para aprimorar outros estudos sobre a din\u00e2mica das cadeias produtivas da agricultura no estado catarinense e gerar informa\u00e7\u00f5es para melhoria na coordena\u00e7\u00e3o e no planejamento agr\u00edcola setorial e p\u00fablico.&nbsp;Artigo na integra&nbsp; AutoresRog\u00e9rio Goulart Junior, Dr. (Epagri\/Cepa)Luiz Henrique de Sousa (SAR e Udesc)<\/p>\n","protected":false},"author":3,"featured_media":0,"comment_status":"closed","ping_status":"open","sticky":false,"template":"","format":"standard","meta":{"ocean_post_layout":"","ocean_both_sidebars_style":"","ocean_both_sidebars_content_width":0,"ocean_both_sidebars_sidebars_width":0,"ocean_sidebar":"0","ocean_second_sidebar":"0","ocean_disable_margins":"enable","ocean_add_body_class":"","ocean_shortcode_before_top_bar":"","ocean_shortcode_after_top_bar":"","ocean_shortcode_before_header":"","ocean_shortcode_after_header":"","ocean_has_shortcode":"","ocean_shortcode_after_title":"","ocean_shortcode_before_footer_widgets":"","ocean_shortcode_after_footer_widgets":"","ocean_shortcode_before_footer_bottom":"","ocean_shortcode_after_footer_bottom":"","ocean_display_top_bar":"default","ocean_display_header":"default","ocean_header_style":"","ocean_center_header_left_menu":"0","ocean_custom_header_template":"0","ocean_custom_logo":0,"ocean_custom_retina_logo":0,"ocean_custom_logo_max_width":0,"ocean_custom_logo_tablet_max_width":0,"ocean_custom_logo_mobile_max_width":0,"ocean_custom_logo_max_height":0,"ocean_custom_logo_tablet_max_height":0,"ocean_custom_logo_mobile_max_height":0,"ocean_header_custom_menu":"0","ocean_menu_typo_font_family":"0","ocean_menu_typo_font_subset":"","ocean_menu_typo_font_size":0,"ocean_menu_typo_font_size_tablet":0,"ocean_menu_typo_font_size_mobile":0,"ocean_menu_typo_font_size_unit":"px","ocean_menu_typo_font_weight":"","ocean_menu_typo_font_weight_tablet":"","ocean_menu_typo_font_weight_mobile":"","ocean_menu_typo_transform":"","ocean_menu_typo_transform_tablet":"","ocean_menu_typo_transform_mobile":"","ocean_menu_typo_line_height":0,"ocean_menu_typo_line_height_tablet":0,"ocean_menu_typo_line_height_mobile":0,"ocean_menu_typo_line_height_unit":"","ocean_menu_typo_spacing":0,"ocean_menu_typo_spacing_tablet":0,"ocean_menu_typo_spacing_mobile":0,"ocean_menu_typo_spacing_unit":"","ocean_menu_link_color":"","ocean_menu_link_color_hover":"","ocean_menu_link_color_active":"","ocean_menu_link_background":"","ocean_menu_link_hover_background":"","ocean_menu_link_active_background":"","ocean_menu_social_links_bg":"","ocean_menu_social_hover_links_bg":"","ocean_menu_social_links_color":"","ocean_menu_social_hover_links_color":"","ocean_disable_title":"default","ocean_disable_heading":"default","ocean_post_title":"","ocean_post_subheading":"","ocean_post_title_style":"","ocean_post_title_background_color":"","ocean_post_title_background":0,"ocean_post_title_bg_image_position":"","ocean_post_title_bg_image_attachment":"","ocean_post_title_bg_image_repeat":"","ocean_post_title_bg_image_size":"","ocean_post_title_height":0,"ocean_post_title_bg_overlay":0.5,"ocean_post_title_bg_overlay_color":"","ocean_disable_breadcrumbs":"default","ocean_breadcrumbs_color":"","ocean_breadcrumbs_separator_color":"","ocean_breadcrumbs_links_color":"","ocean_breadcrumbs_links_hover_color":"","ocean_display_footer_widgets":"default","ocean_display_footer_bottom":"default","ocean_custom_footer_template":"0","ocean_post_oembed":"","ocean_post_self_hosted_media":"","ocean_post_video_embed":"","ocean_link_format":"","ocean_link_format_target":"self","ocean_quote_format":"","ocean_quote_format_link":"post","ocean_gallery_link_images":"off","ocean_gallery_id":[],"footnotes":""},"categories":[11],"tags":[135,34,35,134,37],"class_list":["post-13273","post","type-post","status-publish","format-standard","hentry","category-artigos","tag-dinamica-economica","tag-economia-agricola","tag-fruticultura","tag-indice-de-herfindahl-hirschman","tag-santa-catarina","entry"],"_links":{"self":[{"href":"https:\/\/cepa.epagri.sc.gov.br\/index.php\/wp-json\/wp\/v2\/posts\/13273","targetHints":{"allow":["GET"]}}],"collection":[{"href":"https:\/\/cepa.epagri.sc.gov.br\/index.php\/wp-json\/wp\/v2\/posts"}],"about":[{"href":"https:\/\/cepa.epagri.sc.gov.br\/index.php\/wp-json\/wp\/v2\/types\/post"}],"author":[{"embeddable":true,"href":"https:\/\/cepa.epagri.sc.gov.br\/index.php\/wp-json\/wp\/v2\/users\/3"}],"replies":[{"embeddable":true,"href":"https:\/\/cepa.epagri.sc.gov.br\/index.php\/wp-json\/wp\/v2\/comments?post=13273"}],"version-history":[{"count":17,"href":"https:\/\/cepa.epagri.sc.gov.br\/index.php\/wp-json\/wp\/v2\/posts\/13273\/revisions"}],"predecessor-version":[{"id":13305,"href":"https:\/\/cepa.epagri.sc.gov.br\/index.php\/wp-json\/wp\/v2\/posts\/13273\/revisions\/13305"}],"wp:attachment":[{"href":"https:\/\/cepa.epagri.sc.gov.br\/index.php\/wp-json\/wp\/v2\/media?parent=13273"}],"wp:term":[{"taxonomy":"category","embeddable":true,"href":"https:\/\/cepa.epagri.sc.gov.br\/index.php\/wp-json\/wp\/v2\/categories?post=13273"},{"taxonomy":"post_tag","embeddable":true,"href":"https:\/\/cepa.epagri.sc.gov.br\/index.php\/wp-json\/wp\/v2\/tags?post=13273"}],"curies":[{"name":"wp","href":"https:\/\/api.w.org\/{rel}","templated":true}]}}