{"id":13036,"date":"2023-04-12T14:34:48","date_gmt":"2023-04-12T17:34:48","guid":{"rendered":"https:\/\/cepa.epagri.sc.gov.br\/?p=13036"},"modified":"2023-04-12T14:40:23","modified_gmt":"2023-04-12T17:40:23","slug":"participacao-de-femeas-no-total-de-bovinos-abatidos-no-brasil-e-em-santa-catarina-2013-2021","status":"publish","type":"post","link":"https:\/\/cepa.epagri.sc.gov.br\/index.php\/participacao-de-femeas-no-total-de-bovinos-abatidos-no-brasil-e-em-santa-catarina-2013-2021\/","title":{"rendered":"Participa\u00e7\u00e3o de f\u00eameas no total de bovinos abatidos no Brasil e em Santa Catarina (2013\/2021)"},"content":{"rendered":"\t\t<div data-elementor-type=\"wp-post\" data-elementor-id=\"13036\" class=\"elementor elementor-13036\">\n\t\t\t\t\t\t<section class=\"elementor-section elementor-top-section elementor-element elementor-element-608a3e2 elementor-section-boxed elementor-section-height-default elementor-section-height-default wpr-particle-no wpr-jarallax-no wpr-parallax-no wpr-sticky-section-no wpr-equal-height-no\" data-id=\"608a3e2\" data-element_type=\"section\" data-e-type=\"section\">\n\t\t\t\t\t\t<div class=\"elementor-container elementor-column-gap-default\">\n\t\t\t\t\t<div class=\"elementor-column elementor-col-100 elementor-top-column elementor-element elementor-element-f7dadb6\" data-id=\"f7dadb6\" data-element_type=\"column\" data-e-type=\"column\">\n\t\t\t<div class=\"elementor-widget-wrap elementor-element-populated\">\n\t\t\t\t\t\t<div class=\"elementor-element elementor-element-cde82dd elementor-widget elementor-widget-text-editor\" data-id=\"cde82dd\" data-element_type=\"widget\" data-e-type=\"widget\" data-widget_type=\"text-editor.default\">\n\t\t\t\t<div class=\"elementor-widget-container\">\n\t\t\t\t\t\t\t\t\t<p>Este trabalho analisou a participa\u00e7\u00e3o de f\u00eameas no abate de bovinos no Brasil e Santa Catarina entre 2013 e 2021, buscando identificar eventuais varia\u00e7\u00f5es e sua rela\u00e7\u00e3o com os pre\u00e7os do boi gordo no mesmo per\u00edodo. Para tanto, utilizou-se dados do IBGE e Cepea, para an\u00e1lise nacional, e da Cidasc e Epagri\/Cepa para avalia\u00e7\u00f5es com foco em Santa Catarina. Segundo apontam os dados, o abate de f\u00eameas no Brasil apresentou queda em momentos de alta nos pre\u00e7os do boi gordo. Santa Catarina, por sua vez, apresentou comportamento diferenciado, com eleva\u00e7\u00e3o na participa\u00e7\u00e3o de f\u00eameas no total abatido entre 2018 e 2021, per\u00edodo caracterizado por altas expressivas nos pre\u00e7os. Recomendam-se estudos adicionais para compreender os fatores associados a esse comportamento distinto do esperado em Santa Catarina&nbsp;<a style=\"font-family: Roboto, sans-serif; font-size: 14px; font-style: normal; font-variant-ligatures: normal; font-variant-caps: normal; font-weight: 400; background-color: #ffffff;\" href=\"https:\/\/docweb.epagri.sc.gov.br\/website_cepa\/Artigos\/Participacao_femeas_no_total_de_bovinos_abatidos_Santa_Catarina.pdf\" target=\"_blank\" rel=\"noopener noreferrer\">Artigo na integra<\/a><\/p>\n<p style=\"font-variant-ligatures: normal; font-variant-caps: normal; font-family: Roboto, sans-serif; font-size: 14px; font-style: normal; font-weight: 400;\">\n<\/p><p style=\"font-variant-ligatures: normal; font-variant-caps: normal; font-family: Roboto, sans-serif; font-size: 14px; font-style: normal; font-weight: 400;\">Autores:<br>Alexandre Lu\u00eds Giehl &#8211; EPAGRI &#8211; alexandregiehl@epagri.sc.gov.br<br>Ingrilore Flores Mund1 &#8211;&nbsp;&nbsp;UFSC &#8211; ingrilorefm@gmail.com <br><\/p>\t\t\t\t\t\t\t\t<\/div>\n\t\t\t\t<\/div>\n\t\t\t\t\t<\/div>\n\t\t<\/div>\n\t\t\t\t\t<\/div>\n\t\t<\/section>\n\t\t\t\t<\/div>\n\t\t","protected":false},"excerpt":{"rendered":"<p>Este trabalho analisou a participa\u00e7\u00e3o de f\u00eameas no abate de bovinos no Brasil e Santa Catarina entre 2013 e 2021, buscando identificar eventuais varia\u00e7\u00f5es e sua rela\u00e7\u00e3o com os pre\u00e7os do boi gordo no mesmo per\u00edodo. Para tanto, utilizou-se dados do IBGE e Cepea, para an\u00e1lise nacional, e da Cidasc e Epagri\/Cepa para avalia\u00e7\u00f5es com foco em Santa Catarina. Segundo apontam os dados, o abate de f\u00eameas no Brasil apresentou queda em momentos de alta nos pre\u00e7os do boi gordo. Santa Catarina, por sua vez, apresentou comportamento diferenciado, com eleva\u00e7\u00e3o na participa\u00e7\u00e3o de f\u00eameas no total abatido entre 2018 e 2021, per\u00edodo caracterizado por altas expressivas nos pre\u00e7os. Recomendam-se estudos adicionais para compreender os fatores associados a esse comportamento distinto do esperado em Santa Catarina&nbsp;Artigo na integra Autores: Alexandre Lu\u00eds Giehl &#8211; EPAGRI &#8211; alexandregiehl@epagri.sc.gov.br Ingrilore Flores Mund1 &#8211;&nbsp;&nbsp;UFSC &#8211; ingrilorefm@gmail.com<\/p>\n","protected":false},"author":3,"featured_media":0,"comment_status":"closed","ping_status":"open","sticky":false,"template":"","format":"standard","meta":{"ocean_post_layout":"","ocean_both_sidebars_style":"","ocean_both_sidebars_content_width":0,"ocean_both_sidebars_sidebars_width":0,"ocean_sidebar":"0","ocean_second_sidebar":"0","ocean_disable_margins":"enable","ocean_add_body_class":"","ocean_shortcode_before_top_bar":"","ocean_shortcode_after_top_bar":"","ocean_shortcode_before_header":"","ocean_shortcode_after_header":"","ocean_has_shortcode":"","ocean_shortcode_after_title":"","ocean_shortcode_before_footer_widgets":"","ocean_shortcode_after_footer_widgets":"","ocean_shortcode_before_footer_bottom":"","ocean_shortcode_after_footer_bottom":"","ocean_display_top_bar":"default","ocean_display_header":"default","ocean_header_style":"","ocean_center_header_left_menu":"0","ocean_custom_header_template":"0","ocean_custom_logo":0,"ocean_custom_retina_logo":0,"ocean_custom_logo_max_width":0,"ocean_custom_logo_tablet_max_width":0,"ocean_custom_logo_mobile_max_width":0,"ocean_custom_logo_max_height":0,"ocean_custom_logo_tablet_max_height":0,"ocean_custom_logo_mobile_max_height":0,"ocean_header_custom_menu":"0","ocean_menu_typo_font_family":"0","ocean_menu_typo_font_subset":"","ocean_menu_typo_font_size":0,"ocean_menu_typo_font_size_tablet":0,"ocean_menu_typo_font_size_mobile":0,"ocean_menu_typo_font_size_unit":"px","ocean_menu_typo_font_weight":"","ocean_menu_typo_font_weight_tablet":"","ocean_menu_typo_font_weight_mobile":"","ocean_menu_typo_transform":"","ocean_menu_typo_transform_tablet":"","ocean_menu_typo_transform_mobile":"","ocean_menu_typo_line_height":0,"ocean_menu_typo_line_height_tablet":0,"ocean_menu_typo_line_height_mobile":0,"ocean_menu_typo_line_height_unit":"","ocean_menu_typo_spacing":0,"ocean_menu_typo_spacing_tablet":0,"ocean_menu_typo_spacing_mobile":0,"ocean_menu_typo_spacing_unit":"","ocean_menu_link_color":"","ocean_menu_link_color_hover":"","ocean_menu_link_color_active":"","ocean_menu_link_background":"","ocean_menu_link_hover_background":"","ocean_menu_link_active_background":"","ocean_menu_social_links_bg":"","ocean_menu_social_hover_links_bg":"","ocean_menu_social_links_color":"","ocean_menu_social_hover_links_color":"","ocean_disable_title":"default","ocean_disable_heading":"default","ocean_post_title":"","ocean_post_subheading":"","ocean_post_title_style":"","ocean_post_title_background_color":"","ocean_post_title_background":0,"ocean_post_title_bg_image_position":"","ocean_post_title_bg_image_attachment":"","ocean_post_title_bg_image_repeat":"","ocean_post_title_bg_image_size":"","ocean_post_title_height":0,"ocean_post_title_bg_overlay":0.5,"ocean_post_title_bg_overlay_color":"","ocean_disable_breadcrumbs":"default","ocean_breadcrumbs_color":"","ocean_breadcrumbs_separator_color":"","ocean_breadcrumbs_links_color":"","ocean_breadcrumbs_links_hover_color":"","ocean_display_footer_widgets":"default","ocean_display_footer_bottom":"default","ocean_custom_footer_template":"0","ocean_post_oembed":"","ocean_post_self_hosted_media":"","ocean_post_video_embed":"","ocean_link_format":"","ocean_link_format_target":"self","ocean_quote_format":"","ocean_quote_format_link":"post","ocean_gallery_link_images":"off","ocean_gallery_id":[],"footnotes":""},"categories":[11],"tags":[125,107,123,124],"class_list":["post-13036","post","type-post","status-publish","format-standard","hentry","category-artigos","tag-bovinocultura","tag-carne-bovina","tag-pecuaria","tag-preco-boi-gordo","entry"],"_links":{"self":[{"href":"https:\/\/cepa.epagri.sc.gov.br\/index.php\/wp-json\/wp\/v2\/posts\/13036","targetHints":{"allow":["GET"]}}],"collection":[{"href":"https:\/\/cepa.epagri.sc.gov.br\/index.php\/wp-json\/wp\/v2\/posts"}],"about":[{"href":"https:\/\/cepa.epagri.sc.gov.br\/index.php\/wp-json\/wp\/v2\/types\/post"}],"author":[{"embeddable":true,"href":"https:\/\/cepa.epagri.sc.gov.br\/index.php\/wp-json\/wp\/v2\/users\/3"}],"replies":[{"embeddable":true,"href":"https:\/\/cepa.epagri.sc.gov.br\/index.php\/wp-json\/wp\/v2\/comments?post=13036"}],"version-history":[{"count":8,"href":"https:\/\/cepa.epagri.sc.gov.br\/index.php\/wp-json\/wp\/v2\/posts\/13036\/revisions"}],"predecessor-version":[{"id":13044,"href":"https:\/\/cepa.epagri.sc.gov.br\/index.php\/wp-json\/wp\/v2\/posts\/13036\/revisions\/13044"}],"wp:attachment":[{"href":"https:\/\/cepa.epagri.sc.gov.br\/index.php\/wp-json\/wp\/v2\/media?parent=13036"}],"wp:term":[{"taxonomy":"category","embeddable":true,"href":"https:\/\/cepa.epagri.sc.gov.br\/index.php\/wp-json\/wp\/v2\/categories?post=13036"},{"taxonomy":"post_tag","embeddable":true,"href":"https:\/\/cepa.epagri.sc.gov.br\/index.php\/wp-json\/wp\/v2\/tags?post=13036"}],"curies":[{"name":"wp","href":"https:\/\/api.w.org\/{rel}","templated":true}]}}