{"id":12528,"date":"2022-08-29T17:47:56","date_gmt":"2022-08-29T20:47:56","guid":{"rendered":"https:\/\/cepa.epagri.sc.gov.br\/?p=12528"},"modified":"2023-04-18T17:40:52","modified_gmt":"2023-04-18T20:40:52","slug":"analise-do-setor-de-sementes-de-soja-em-santa-catarina","status":"publish","type":"post","link":"https:\/\/cepa.epagri.sc.gov.br\/index.php\/analise-do-setor-de-sementes-de-soja-em-santa-catarina\/","title":{"rendered":"An\u00e1lise do setor de sementes de soja em Santa Catarina"},"content":{"rendered":"\t\t<div data-elementor-type=\"wp-post\" data-elementor-id=\"12528\" class=\"elementor elementor-12528\">\n\t\t\t\t\t\t<section class=\"elementor-section elementor-top-section elementor-element elementor-element-4794b72 elementor-section-boxed elementor-section-height-default elementor-section-height-default wpr-particle-no wpr-jarallax-no wpr-parallax-no wpr-sticky-section-no wpr-equal-height-no\" data-id=\"4794b72\" data-element_type=\"section\" data-e-type=\"section\">\n\t\t\t\t\t\t<div class=\"elementor-container elementor-column-gap-default\">\n\t\t\t\t\t<div class=\"elementor-column elementor-col-100 elementor-top-column elementor-element elementor-element-aa8e73d\" data-id=\"aa8e73d\" data-element_type=\"column\" data-e-type=\"column\">\n\t\t\t<div class=\"elementor-widget-wrap elementor-element-populated\">\n\t\t\t\t\t\t<div class=\"elementor-element elementor-element-6ff19b0 elementor-widget elementor-widget-text-editor\" data-id=\"6ff19b0\" data-element_type=\"widget\" data-e-type=\"widget\" data-widget_type=\"text-editor.default\">\n\t\t\t\t<div class=\"elementor-widget-container\">\n\t\t\t\t\t\t\t\t\t<p>A semente \u00e9 o insumo b\u00e1sico e vital em qualquer sistema de produ\u00e7\u00e3o agr\u00edcola (PESKE et al., 2019). \u00c9 ela que cont\u00e9m toda tecnologia resultante de anos de pesquisa, melhoramento gen\u00e9tico, sele\u00e7\u00e3o e testes de avalia\u00e7\u00e3o de cultivares em diferentes ambientes e determina o potencial produtivo de um cultivo.<\/p><p style=\"font-weight: 400;\">O mercado de sementes de soja movimenta 8,5 bilh\u00f5es de reais anualmente no Brasil (ABRASEM, 2022). Com destaque ao consumo dom\u00e9stico, uma vez que o Brasil \u00e9 o maior produtor de soja do mundo, tendo alcan\u00e7ado na safra de 2021\/22 a marca de 120 milh\u00f5es de toneladas produzidas (CONAB, 2022).<\/p><p style=\"font-weight: 400;\">Santa Catarina representa um importante polo para a produ\u00e7\u00e3o de sementes de soja, principalmente nas microrregi\u00f5es de Campos Novos e Xanxer\u00ea. Na safra 2021\/22, 13,5% da \u00e1rea total com soja no estado foi destinada \u00e0 produ\u00e7\u00e3o de sementes. Adicionalmente, a soja ocupa aproximadamente 2\/3 das \u00e1reas destinadas a produ\u00e7\u00e3o de sementes no estado. Em 2021 foram mais de 100 mil ha destinados a produ\u00e7\u00e3o de sementes de soja em Santa Catarina (SIGEF, 2022). A maior parte das sementes produzidas s\u00e3o exportadas para outros estados (principalmente Mato Grosso e Paran\u00e1), tendo em vista que a produ\u00e7\u00e3o local supera a demanda do estado.<\/p><p style=\"font-weight: 400;\">As sementes de soja catarinenses tamb\u00e9m s\u00e3o caracterizadas pela alta qualidade. Em 2018 a Associa\u00e7\u00e3o de Produtores de Sementes de Santa Catarina (AproseSC) lan\u00e7ou o selo \u201cVigor + Semente de Santa Catarina Qualidade Superior\u201d, com o objetivo de identificar lotes de sementes com altos n\u00edveis de vigor e, com isso, promover boas pr\u00e1ticas entre os produtores de sementes associados \u00e0 entidade. A efetividade da certifica\u00e7\u00e3o tamb\u00e9m foi validada pela pesquisa realizada por Mathias et al. (2020).<\/p><p style=\"font-weight: 400;\">Apesar de sua import\u00e2ncia, ainda s\u00e3o poucos os estudos voltados ao mercado de sementes quando comparados com outros segmentos do agroneg\u00f3cio (ACOSTA, et al. 2002). Al\u00e9m disso, o conhecimento do mercado em que atuam \u00e9 de suma import\u00e2ncia para os agentes econ\u00f4micos, pois subsidiam informa\u00e7\u00f5es para a melhor gest\u00e3o das organiza\u00e7\u00f5es.<\/p><p style=\"font-weight: 400;\">Portanto, o objetivo desde trabalho \u00e9 analisar o setor de sementes catarinense, visando fornecer informa\u00e7\u00e3o e conhecimento relevantes aos agentes interessados na promo\u00e7\u00e3o e desenvolvimento do setor. <a href=\"https:\/\/docweb.epagri.sc.gov.br\/website_cepa\/Artigos\/Analise_do_setor_de_sementes_de_soja_em_Santa_Catarina.pdf\" target=\"_blank\" rel=\"noopener noreferrer\">Artigo na integra<\/a><\/p><p>Ano: 2022<\/p><p>Autores:<br \/>Mariana Bertoncini Peixoto da Silva &#8211; Mestranda em produ\u00e7\u00e3o vegetal<sup><br \/><\/sup>Jo\u00e3o Guilherme Dal Belo Leite &#8211; Professor &#8211; UFFS<sup><br \/><\/sup>Haroldo Tavares Elias-\u00a0 Pesquisador EPAGRI\/CEPA.<\/p>\t\t\t\t\t\t\t\t<\/div>\n\t\t\t\t<\/div>\n\t\t\t\t\t<\/div>\n\t\t<\/div>\n\t\t\t\t\t<\/div>\n\t\t<\/section>\n\t\t\t\t<\/div>\n\t\t","protected":false},"excerpt":{"rendered":"<p>A semente \u00e9 o insumo b\u00e1sico e vital em qualquer sistema de produ\u00e7\u00e3o agr\u00edcola (PESKE et al., 2019). \u00c9 ela que cont\u00e9m toda tecnologia resultante de anos de pesquisa, melhoramento gen\u00e9tico, sele\u00e7\u00e3o e testes de avalia\u00e7\u00e3o de cultivares em diferentes ambientes e determina o potencial produtivo de um cultivo. O mercado de sementes de soja movimenta 8,5 bilh\u00f5es de reais anualmente no Brasil (ABRASEM, 2022). Com destaque ao consumo dom\u00e9stico, uma vez que o Brasil \u00e9 o maior produtor de soja do mundo, tendo alcan\u00e7ado na safra de 2021\/22 a marca de 120 milh\u00f5es de toneladas produzidas (CONAB, 2022). Santa Catarina representa um importante polo para a produ\u00e7\u00e3o de sementes de soja, principalmente nas microrregi\u00f5es de Campos Novos e Xanxer\u00ea. Na safra 2021\/22, 13,5% da \u00e1rea total com soja no estado foi destinada \u00e0 produ\u00e7\u00e3o de sementes. Adicionalmente, a soja ocupa aproximadamente 2\/3 das \u00e1reas destinadas a produ\u00e7\u00e3o de sementes no estado. Em 2021 foram mais de 100 mil ha destinados a produ\u00e7\u00e3o de sementes de soja em Santa Catarina (SIGEF, 2022). A maior parte das sementes produzidas s\u00e3o exportadas para outros estados (principalmente Mato Grosso e Paran\u00e1), tendo em vista que a produ\u00e7\u00e3o local supera a demanda do estado. As sementes de soja catarinenses tamb\u00e9m s\u00e3o caracterizadas pela alta qualidade. Em 2018 a Associa\u00e7\u00e3o de Produtores de Sementes de Santa Catarina (AproseSC) lan\u00e7ou o selo \u201cVigor + Semente de Santa Catarina Qualidade Superior\u201d, com o objetivo de identificar lotes de sementes com altos n\u00edveis de vigor e, com isso, promover boas pr\u00e1ticas entre os produtores de sementes associados \u00e0 entidade. A efetividade da certifica\u00e7\u00e3o tamb\u00e9m foi validada pela pesquisa realizada por Mathias et al. (2020). Apesar de sua import\u00e2ncia, ainda s\u00e3o poucos os estudos voltados ao mercado de sementes quando comparados com outros segmentos do agroneg\u00f3cio (ACOSTA, et al. 2002). Al\u00e9m disso, o conhecimento do mercado em que atuam \u00e9 de suma import\u00e2ncia para os agentes econ\u00f4micos, pois subsidiam informa\u00e7\u00f5es para a melhor gest\u00e3o das organiza\u00e7\u00f5es. Portanto, o objetivo desde trabalho \u00e9 analisar o setor de sementes catarinense, visando fornecer informa\u00e7\u00e3o e conhecimento relevantes aos agentes interessados na promo\u00e7\u00e3o e desenvolvimento do setor. Artigo na integra Ano: 2022 Autores: Mariana Bertoncini Peixoto da Silva &#8211; Mestranda em produ\u00e7\u00e3o vegetal Jo\u00e3o Guilherme Dal Belo Leite &#8211; Professor &#8211; UFFS Haroldo Tavares Elias-&nbsp; Pesquisador EPAGRI\/CEPA.<\/p>\n","protected":false},"author":3,"featured_media":0,"comment_status":"closed","ping_status":"open","sticky":false,"template":"","format":"standard","meta":{"ocean_post_layout":"","ocean_both_sidebars_style":"","ocean_both_sidebars_content_width":0,"ocean_both_sidebars_sidebars_width":0,"ocean_sidebar":"0","ocean_second_sidebar":"0","ocean_disable_margins":"enable","ocean_add_body_class":"","ocean_shortcode_before_top_bar":"","ocean_shortcode_after_top_bar":"","ocean_shortcode_before_header":"","ocean_shortcode_after_header":"","ocean_has_shortcode":"","ocean_shortcode_after_title":"","ocean_shortcode_before_footer_widgets":"","ocean_shortcode_after_footer_widgets":"","ocean_shortcode_before_footer_bottom":"","ocean_shortcode_after_footer_bottom":"","ocean_display_top_bar":"default","ocean_display_header":"default","ocean_header_style":"","ocean_center_header_left_menu":"0","ocean_custom_header_template":"0","ocean_custom_logo":0,"ocean_custom_retina_logo":0,"ocean_custom_logo_max_width":0,"ocean_custom_logo_tablet_max_width":0,"ocean_custom_logo_mobile_max_width":0,"ocean_custom_logo_max_height":0,"ocean_custom_logo_tablet_max_height":0,"ocean_custom_logo_mobile_max_height":0,"ocean_header_custom_menu":"0","ocean_menu_typo_font_family":"0","ocean_menu_typo_font_subset":"","ocean_menu_typo_font_size":0,"ocean_menu_typo_font_size_tablet":0,"ocean_menu_typo_font_size_mobile":0,"ocean_menu_typo_font_size_unit":"px","ocean_menu_typo_font_weight":"","ocean_menu_typo_font_weight_tablet":"","ocean_menu_typo_font_weight_mobile":"","ocean_menu_typo_transform":"","ocean_menu_typo_transform_tablet":"","ocean_menu_typo_transform_mobile":"","ocean_menu_typo_line_height":0,"ocean_menu_typo_line_height_tablet":0,"ocean_menu_typo_line_height_mobile":0,"ocean_menu_typo_line_height_unit":"","ocean_menu_typo_spacing":0,"ocean_menu_typo_spacing_tablet":0,"ocean_menu_typo_spacing_mobile":0,"ocean_menu_typo_spacing_unit":"","ocean_menu_link_color":"","ocean_menu_link_color_hover":"","ocean_menu_link_color_active":"","ocean_menu_link_background":"","ocean_menu_link_hover_background":"","ocean_menu_link_active_background":"","ocean_menu_social_links_bg":"","ocean_menu_social_hover_links_bg":"","ocean_menu_social_links_color":"","ocean_menu_social_hover_links_color":"","ocean_disable_title":"default","ocean_disable_heading":"default","ocean_post_title":"","ocean_post_subheading":"","ocean_post_title_style":"","ocean_post_title_background_color":"","ocean_post_title_background":0,"ocean_post_title_bg_image_position":"","ocean_post_title_bg_image_attachment":"","ocean_post_title_bg_image_repeat":"","ocean_post_title_bg_image_size":"","ocean_post_title_height":0,"ocean_post_title_bg_overlay":0.5,"ocean_post_title_bg_overlay_color":"","ocean_disable_breadcrumbs":"default","ocean_breadcrumbs_color":"","ocean_breadcrumbs_separator_color":"","ocean_breadcrumbs_links_color":"","ocean_breadcrumbs_links_hover_color":"","ocean_display_footer_widgets":"default","ocean_display_footer_bottom":"default","ocean_custom_footer_template":"0","ocean_post_oembed":"","ocean_post_self_hosted_media":"","ocean_post_video_embed":"","ocean_link_format":"","ocean_link_format_target":"self","ocean_quote_format":"","ocean_quote_format_link":"post","ocean_gallery_link_images":"off","ocean_gallery_id":[],"footnotes":""},"categories":[11],"tags":[37,127,116],"class_list":["post-12528","post","type-post","status-publish","format-standard","hentry","category-artigos","tag-santa-catarina","tag-semente-de-soja","tag-soja","entry"],"_links":{"self":[{"href":"https:\/\/cepa.epagri.sc.gov.br\/index.php\/wp-json\/wp\/v2\/posts\/12528","targetHints":{"allow":["GET"]}}],"collection":[{"href":"https:\/\/cepa.epagri.sc.gov.br\/index.php\/wp-json\/wp\/v2\/posts"}],"about":[{"href":"https:\/\/cepa.epagri.sc.gov.br\/index.php\/wp-json\/wp\/v2\/types\/post"}],"author":[{"embeddable":true,"href":"https:\/\/cepa.epagri.sc.gov.br\/index.php\/wp-json\/wp\/v2\/users\/3"}],"replies":[{"embeddable":true,"href":"https:\/\/cepa.epagri.sc.gov.br\/index.php\/wp-json\/wp\/v2\/comments?post=12528"}],"version-history":[{"count":2,"href":"https:\/\/cepa.epagri.sc.gov.br\/index.php\/wp-json\/wp\/v2\/posts\/12528\/revisions"}],"predecessor-version":[{"id":12531,"href":"https:\/\/cepa.epagri.sc.gov.br\/index.php\/wp-json\/wp\/v2\/posts\/12528\/revisions\/12531"}],"wp:attachment":[{"href":"https:\/\/cepa.epagri.sc.gov.br\/index.php\/wp-json\/wp\/v2\/media?parent=12528"}],"wp:term":[{"taxonomy":"category","embeddable":true,"href":"https:\/\/cepa.epagri.sc.gov.br\/index.php\/wp-json\/wp\/v2\/categories?post=12528"},{"taxonomy":"post_tag","embeddable":true,"href":"https:\/\/cepa.epagri.sc.gov.br\/index.php\/wp-json\/wp\/v2\/tags?post=12528"}],"curies":[{"name":"wp","href":"https:\/\/api.w.org\/{rel}","templated":true}]}}