{"id":12331,"date":"2022-05-09T16:03:02","date_gmt":"2022-05-09T19:03:02","guid":{"rendered":"https:\/\/cepa.epagri.sc.gov.br\/?p=12331"},"modified":"2022-05-09T16:18:16","modified_gmt":"2022-05-09T19:18:16","slug":"relacao-entre-preco-do-leite-e-abate-de-vacas-leiteiras-em-santa-catarina","status":"publish","type":"post","link":"https:\/\/cepa.epagri.sc.gov.br\/index.php\/relacao-entre-preco-do-leite-e-abate-de-vacas-leiteiras-em-santa-catarina\/","title":{"rendered":"Rela\u00e7\u00e3o entre pre\u00e7o do leite e abate de vacas leiteiras em Santa Catarina"},"content":{"rendered":"\t\t<div data-elementor-type=\"wp-post\" data-elementor-id=\"12331\" class=\"elementor elementor-12331\">\n\t\t\t\t\t\t<section class=\"elementor-section elementor-top-section elementor-element elementor-element-b379b81 elementor-section-boxed elementor-section-height-default elementor-section-height-default wpr-particle-no wpr-jarallax-no wpr-parallax-no wpr-sticky-section-no wpr-equal-height-no\" data-id=\"b379b81\" data-element_type=\"section\" data-e-type=\"section\">\n\t\t\t\t\t\t<div class=\"elementor-container elementor-column-gap-default\">\n\t\t\t\t\t<div class=\"elementor-column elementor-col-100 elementor-top-column elementor-element elementor-element-d5728bc\" data-id=\"d5728bc\" data-element_type=\"column\" data-e-type=\"column\">\n\t\t\t<div class=\"elementor-widget-wrap elementor-element-populated\">\n\t\t\t\t\t\t<div class=\"elementor-element elementor-element-da289f7 elementor-widget elementor-widget-text-editor\" data-id=\"da289f7\" data-element_type=\"widget\" data-e-type=\"widget\" data-widget_type=\"text-editor.default\">\n\t\t\t\t<div class=\"elementor-widget-container\">\n\t\t\t\t\t\t\t\t\t<p>A pecu\u00e1ria leiteira \u00e9 uma das principais atividades produtivas da agropecu\u00e1ria catarinense, com crescente import\u00e2ncia socioecon\u00f4mica. O estado tamb\u00e9m tem registrado aumento no abate de bovinos, havendo associa\u00e7\u00e3o entre os dois processos, j\u00e1 que os animais exclu\u00eddos dos plant\u00e9is leiteiros normalmente destinam-se ao abate. O descarte de vacas leiteiras se d\u00e1 principalmente por aspectos como o decl\u00ednio produtivo e problemas sanit\u00e1rios, locomotores e reprodutivos. Contudo, s\u00e3o comuns refer\u00eancias \u00e0 influ\u00eancia das quedas no pre\u00e7o do leite sobre a taxa de descarte, quest\u00e3o ainda pouco estudada. O presente artigo busca analisar a correla\u00e7\u00e3o entre essas duas vari\u00e1veis. Para tanto, utilizou-se o pre\u00e7o m\u00e9dio mensal do litro leite em Santa Catarina no per\u00edodo de 2013 a 2020 e os abates mensais de bovinos, organizados em seis categorias: 1) Total de f\u00eameas; 2) F\u00eameas com aptid\u00e3o leiteira; 3) F\u00eameas com aptid\u00e3o mista; 4) F\u00eameas abatidas para autoconsumo; 5) Total de bovinos (machos+f\u00eameas); 6) F\u00eameas com aptid\u00e3o leiteira por faixa et\u00e1ria. Os coeficientes de correla\u00e7\u00e3o de Pearson foram estimados e as hip\u00f3teses de existir correla\u00e7\u00e3o diferente de zero foram testadas pela estat\u00edstica t. Os resultados demonstram que n\u00e3o foi poss\u00edvel estabelecer correla\u00e7\u00e3o entre as varia\u00e7\u00f5es nos pre\u00e7os do leite e o abate da maioria das categorias investigadas (f\u00eameas com aptid\u00e3o leiteira; f\u00eameas com aptid\u00e3o mista; f\u00eameas abatidas para autoconsumo). Tamb\u00e9m n\u00e3o houve correla\u00e7\u00e3o em nenhuma das faixas et\u00e1rias de bovinos leiteiros analisados. Verificou-se a exist\u00eancia de correla\u00e7\u00e3o entre o pre\u00e7o do leite e o total de f\u00eameas (signific\u00e2ncia de 99%), com r=0,3029 e com o total de bovinos abatidos (machos+f\u00eameas), com r=0,2789. Diferente do que era esperado, a correla\u00e7\u00e3o foi positiva. Os baixos valores de \u201cr\u201d refor\u00e7am a perspectiva de que n\u00e3o se trata de uma rela\u00e7\u00e3o de causalidade, em ambas as situa\u00e7\u00f5es. Conclui-se n\u00e3o ser poss\u00edvel estabelecer correla\u00e7\u00e3o entre os pre\u00e7os do leite e o abate de bovinos leiteiros.&nbsp;<span style=\"font-family: Roboto, sans-serif; font-size: 14px; font-style: normal; font-variant-ligatures: normal; font-variant-caps: normal; font-weight: 400; color: var( --e-global-color-text );\">&nbsp;<\/span><a style=\"font-family: Roboto, sans-serif; font-size: 14px; font-style: normal; font-variant-ligatures: normal; font-variant-caps: normal; font-weight: 400; background-color: #ffffff;\" href=\"https:\/\/docweb.epagri.sc.gov.br\/website_cepa\/Artigos\/Relacao_Preco_do_leite_e_abate_de_vacas_leiteiras_SC.pdf\" target=\"_blank\" rel=\"noopener noreferrer\">Artigo na integra<\/a><\/p>\n<p style=\"font-variant-ligatures: normal; font-variant-caps: normal; font-family: Roboto, sans-serif; font-size: 14px; font-style: normal; font-weight: 400;\">Ano: 2021<\/p>\n<p style=\"font-variant-ligatures: normal; font-variant-caps: normal; font-family: Roboto, sans-serif; font-size: 14px; font-style: normal; font-weight: 400;\">Autores:<br>Alexandre Lu\u00eds Giehl &#8211; Epagri\/Cepa<br>Tabajara Marcondes &#8211; Epagri\/Cepa<br>Marcia Mondardo &#8211; Epagri\/Cepa<br><\/p>\t\t\t\t\t\t\t\t<\/div>\n\t\t\t\t<\/div>\n\t\t\t\t\t<\/div>\n\t\t<\/div>\n\t\t\t\t\t<\/div>\n\t\t<\/section>\n\t\t\t\t<\/div>\n\t\t","protected":false},"excerpt":{"rendered":"<p>A pecu\u00e1ria leiteira \u00e9 uma das principais atividades produtivas da agropecu\u00e1ria catarinense, com crescente import\u00e2ncia socioecon\u00f4mica. O estado tamb\u00e9m tem registrado aumento no abate de bovinos, havendo associa\u00e7\u00e3o entre os dois processos, j\u00e1 que os animais exclu\u00eddos dos plant\u00e9is leiteiros normalmente destinam-se ao abate. O descarte de vacas leiteiras se d\u00e1 principalmente por aspectos como o decl\u00ednio produtivo e problemas sanit\u00e1rios, locomotores e reprodutivos. Contudo, s\u00e3o comuns refer\u00eancias \u00e0 influ\u00eancia das quedas no pre\u00e7o do leite sobre a taxa de descarte, quest\u00e3o ainda pouco estudada. O presente artigo busca analisar a correla\u00e7\u00e3o entre essas duas vari\u00e1veis. Para tanto, utilizou-se o pre\u00e7o m\u00e9dio mensal do litro leite em Santa Catarina no per\u00edodo de 2013 a 2020 e os abates mensais de bovinos, organizados em seis categorias: 1) Total de f\u00eameas; 2) F\u00eameas com aptid\u00e3o leiteira; 3) F\u00eameas com aptid\u00e3o mista; 4) F\u00eameas abatidas para autoconsumo; 5) Total de bovinos (machos+f\u00eameas); 6) F\u00eameas com aptid\u00e3o leiteira por faixa et\u00e1ria. Os coeficientes de correla\u00e7\u00e3o de Pearson foram estimados e as hip\u00f3teses de existir correla\u00e7\u00e3o diferente de zero foram testadas pela estat\u00edstica t. Os resultados demonstram que n\u00e3o foi poss\u00edvel estabelecer correla\u00e7\u00e3o entre as varia\u00e7\u00f5es nos pre\u00e7os do leite e o abate da maioria das categorias investigadas (f\u00eameas com aptid\u00e3o leiteira; f\u00eameas com aptid\u00e3o mista; f\u00eameas abatidas para autoconsumo). Tamb\u00e9m n\u00e3o houve correla\u00e7\u00e3o em nenhuma das faixas et\u00e1rias de bovinos leiteiros analisados. Verificou-se a exist\u00eancia de correla\u00e7\u00e3o entre o pre\u00e7o do leite e o total de f\u00eameas (signific\u00e2ncia de 99%), com r=0,3029 e com o total de bovinos abatidos (machos+f\u00eameas), com r=0,2789. Diferente do que era esperado, a correla\u00e7\u00e3o foi positiva. Os baixos valores de \u201cr\u201d refor\u00e7am a perspectiva de que n\u00e3o se trata de uma rela\u00e7\u00e3o de causalidade, em ambas as situa\u00e7\u00f5es. Conclui-se n\u00e3o ser poss\u00edvel estabelecer correla\u00e7\u00e3o entre os pre\u00e7os do leite e o abate de bovinos leiteiros.&nbsp;&nbsp;Artigo na integra Ano: 2021 Autores:Alexandre Lu\u00eds Giehl &#8211; Epagri\/CepaTabajara Marcondes &#8211; Epagri\/CepaMarcia Mondardo &#8211; Epagri\/Cepa<\/p>\n","protected":false},"author":3,"featured_media":0,"comment_status":"closed","ping_status":"open","sticky":false,"template":"","format":"standard","meta":{"ocean_post_layout":"","ocean_both_sidebars_style":"","ocean_both_sidebars_content_width":0,"ocean_both_sidebars_sidebars_width":0,"ocean_sidebar":"0","ocean_second_sidebar":"0","ocean_disable_margins":"enable","ocean_add_body_class":"","ocean_shortcode_before_top_bar":"","ocean_shortcode_after_top_bar":"","ocean_shortcode_before_header":"","ocean_shortcode_after_header":"","ocean_has_shortcode":"","ocean_shortcode_after_title":"","ocean_shortcode_before_footer_widgets":"","ocean_shortcode_after_footer_widgets":"","ocean_shortcode_before_footer_bottom":"","ocean_shortcode_after_footer_bottom":"","ocean_display_top_bar":"default","ocean_display_header":"default","ocean_header_style":"","ocean_center_header_left_menu":"0","ocean_custom_header_template":"0","ocean_custom_logo":0,"ocean_custom_retina_logo":0,"ocean_custom_logo_max_width":0,"ocean_custom_logo_tablet_max_width":0,"ocean_custom_logo_mobile_max_width":0,"ocean_custom_logo_max_height":0,"ocean_custom_logo_tablet_max_height":0,"ocean_custom_logo_mobile_max_height":0,"ocean_header_custom_menu":"0","ocean_menu_typo_font_family":"0","ocean_menu_typo_font_subset":"","ocean_menu_typo_font_size":0,"ocean_menu_typo_font_size_tablet":0,"ocean_menu_typo_font_size_mobile":0,"ocean_menu_typo_font_size_unit":"px","ocean_menu_typo_font_weight":"","ocean_menu_typo_font_weight_tablet":"","ocean_menu_typo_font_weight_mobile":"","ocean_menu_typo_transform":"","ocean_menu_typo_transform_tablet":"","ocean_menu_typo_transform_mobile":"","ocean_menu_typo_line_height":0,"ocean_menu_typo_line_height_tablet":0,"ocean_menu_typo_line_height_mobile":0,"ocean_menu_typo_line_height_unit":"","ocean_menu_typo_spacing":0,"ocean_menu_typo_spacing_tablet":0,"ocean_menu_typo_spacing_mobile":0,"ocean_menu_typo_spacing_unit":"","ocean_menu_link_color":"","ocean_menu_link_color_hover":"","ocean_menu_link_color_active":"","ocean_menu_link_background":"","ocean_menu_link_hover_background":"","ocean_menu_link_active_background":"","ocean_menu_social_links_bg":"","ocean_menu_social_hover_links_bg":"","ocean_menu_social_links_color":"","ocean_menu_social_hover_links_color":"","ocean_disable_title":"default","ocean_disable_heading":"default","ocean_post_title":"","ocean_post_subheading":"","ocean_post_title_style":"","ocean_post_title_background_color":"","ocean_post_title_background":0,"ocean_post_title_bg_image_position":"","ocean_post_title_bg_image_attachment":"","ocean_post_title_bg_image_repeat":"","ocean_post_title_bg_image_size":"","ocean_post_title_height":0,"ocean_post_title_bg_overlay":0.5,"ocean_post_title_bg_overlay_color":"","ocean_disable_breadcrumbs":"default","ocean_breadcrumbs_color":"","ocean_breadcrumbs_separator_color":"","ocean_breadcrumbs_links_color":"","ocean_breadcrumbs_links_hover_color":"","ocean_display_footer_widgets":"default","ocean_display_footer_bottom":"default","ocean_custom_footer_template":"0","ocean_post_oembed":"","ocean_post_self_hosted_media":"","ocean_post_video_embed":"","ocean_link_format":"","ocean_link_format_target":"self","ocean_quote_format":"","ocean_quote_format_link":"post","ocean_gallery_link_images":"off","ocean_gallery_id":[],"footnotes":""},"categories":[11],"tags":[109],"class_list":["post-12331","post","type-post","status-publish","format-standard","hentry","category-artigos","tag-preco-do-leite-bovinos-de-leite-abate-de-bovinos-descarte","entry"],"_links":{"self":[{"href":"https:\/\/cepa.epagri.sc.gov.br\/index.php\/wp-json\/wp\/v2\/posts\/12331","targetHints":{"allow":["GET"]}}],"collection":[{"href":"https:\/\/cepa.epagri.sc.gov.br\/index.php\/wp-json\/wp\/v2\/posts"}],"about":[{"href":"https:\/\/cepa.epagri.sc.gov.br\/index.php\/wp-json\/wp\/v2\/types\/post"}],"author":[{"embeddable":true,"href":"https:\/\/cepa.epagri.sc.gov.br\/index.php\/wp-json\/wp\/v2\/users\/3"}],"replies":[{"embeddable":true,"href":"https:\/\/cepa.epagri.sc.gov.br\/index.php\/wp-json\/wp\/v2\/comments?post=12331"}],"version-history":[{"count":4,"href":"https:\/\/cepa.epagri.sc.gov.br\/index.php\/wp-json\/wp\/v2\/posts\/12331\/revisions"}],"predecessor-version":[{"id":12335,"href":"https:\/\/cepa.epagri.sc.gov.br\/index.php\/wp-json\/wp\/v2\/posts\/12331\/revisions\/12335"}],"wp:attachment":[{"href":"https:\/\/cepa.epagri.sc.gov.br\/index.php\/wp-json\/wp\/v2\/media?parent=12331"}],"wp:term":[{"taxonomy":"category","embeddable":true,"href":"https:\/\/cepa.epagri.sc.gov.br\/index.php\/wp-json\/wp\/v2\/categories?post=12331"},{"taxonomy":"post_tag","embeddable":true,"href":"https:\/\/cepa.epagri.sc.gov.br\/index.php\/wp-json\/wp\/v2\/tags?post=12331"}],"curies":[{"name":"wp","href":"https:\/\/api.w.org\/{rel}","templated":true}]}}