{"id":12323,"date":"2022-05-09T15:48:02","date_gmt":"2022-05-09T18:48:02","guid":{"rendered":"https:\/\/cepa.epagri.sc.gov.br\/?p=12323"},"modified":"2022-05-09T16:00:18","modified_gmt":"2022-05-09T19:00:18","slug":"caracterizacao-e-dinamica-do-abate-de-frangos-em-santa-catarina","status":"publish","type":"post","link":"https:\/\/cepa.epagri.sc.gov.br\/index.php\/caracterizacao-e-dinamica-do-abate-de-frangos-em-santa-catarina\/","title":{"rendered":"Caracteriza\u00e7\u00e3o e din\u00e2mica do abate de frangos em Santa Catarina"},"content":{"rendered":"\t\t<div data-elementor-type=\"wp-post\" data-elementor-id=\"12323\" class=\"elementor elementor-12323\">\n\t\t\t\t\t\t<section class=\"elementor-section elementor-top-section elementor-element elementor-element-fc09bd8 elementor-section-boxed elementor-section-height-default elementor-section-height-default wpr-particle-no wpr-jarallax-no wpr-parallax-no wpr-sticky-section-no wpr-equal-height-no\" data-id=\"fc09bd8\" data-element_type=\"section\" data-e-type=\"section\">\n\t\t\t\t\t\t<div class=\"elementor-container elementor-column-gap-default\">\n\t\t\t\t\t<div class=\"elementor-column elementor-col-100 elementor-top-column elementor-element elementor-element-2d14cd0\" data-id=\"2d14cd0\" data-element_type=\"column\" data-e-type=\"column\">\n\t\t\t<div class=\"elementor-widget-wrap elementor-element-populated\">\n\t\t\t\t\t\t<div class=\"elementor-element elementor-element-f22d6c4 elementor-widget elementor-widget-text-editor\" data-id=\"f22d6c4\" data-element_type=\"widget\" data-e-type=\"widget\" data-widget_type=\"text-editor.default\">\n\t\t\t\t<div class=\"elementor-widget-container\">\n\t\t\t\t\t\t\t\t\t<p>A avicultura \u00e9 uma das principais atividades agropecu\u00e1rias de Santa Catarina, respons\u00e1vel por 19,6% do VBP agropecu\u00e1rio do estado. O modelo de avicultura industrial surgiu na d\u00e9cada de 1960, e, inicialmente, incorporou grande contingente de produtores e unidades de abate \u00e0 cadeia produtiva. Contudo, a partir dos anos 1980 e 1990, observou-se redu\u00e7\u00e3o no n\u00famero de frigor\u00edficos e produtores, apesar do crescimento da produ\u00e7\u00e3o. Contudo, n\u00e3o h\u00e1 estudos recentes que possibilitem analisar os rumos adotados por esse setor atualmente. Este artigo busca analisar a evolu\u00e7\u00e3o dos abatedouros de frangos no per\u00edodo 2013 a 2020, em especial a concentra\u00e7\u00e3o dos abates. Verificouse que o n\u00famero de frigor\u00edficos caiu 27,3% entre 2013 e 2020, sendo a queda assim distribu\u00edda: unidades com SIF (-8,7%); unidades com SIM (-23,5%); e unidades com SIE (-46,2%). Os frigor\u00edficos com SIF s\u00e3o respons\u00e1veis pela maioria dos abates em Santa Catarina, situa\u00e7\u00e3o que se manteve praticamente inalterada nos \u00faltimos anos:<br>98,5% das aves abatidas em 2013 e 97,8% em 2020. No que diz respeito ao tamanho, em 2013 as unidades que abatiam mais de 50 milh\u00f5es de aves por ano eram respons\u00e1veis por 53,9% da produ\u00e7\u00e3o total, participa\u00e7\u00e3o que passou para 58,9% em 2020. Quando se considera as unidades com mais de 10 milh\u00f5es de aves abatidas\/ano, a participa\u00e7\u00e3o do segmento foi de 96,4% em 2020. Por outro lado, a participa\u00e7\u00e3o dos frigor\u00edficos que abatem at\u00e9 1 milh\u00e3o de aves caiu de 0,7%, em 2013, para 0,4%, em 2020. O grau de concentra\u00e7\u00e3o fica mais evidente quando se leva em considera\u00e7\u00e3o os abates por empresa propriet\u00e1ria dos frigor\u00edficos. As tr\u00eas maiores foram respons\u00e1veis por 87,3% dos abates em 2013 e 94,5% em 2020. Conclui-se que a concentra\u00e7\u00e3o produtiva, caracter\u00edstica que marca a agroind\u00fastria av\u00edcola catarinense desde a origem, avan\u00e7ou ainda mais no per\u00edodo analisado, principalmente pela amplia\u00e7\u00e3o da capacidade de abate dos estabelecimentos de maior porte e fechamento expressivo de pequenas e m\u00e9dias empresas. <a href=\"https:\/\/docweb.epagri.sc.gov.br\/website_cepa\/Artigos\/Caracterizacao_e_dinamica_abate_de_frangos_em_SC.pdf\" target=\"_blank\" rel=\"noopener noreferrer\">Artigo na integra<\/a><\/p>\n<p>Ano: 2021<\/p>\n<p>Autores:<br>Alexandre Lu\u00eds Giehl \u2013 Epagri\/Cepa<br>Marcia Mondardo \u2013 Epagri\/Cepa<\/p>\t\t\t\t\t\t\t\t<\/div>\n\t\t\t\t<\/div>\n\t\t\t\t\t<\/div>\n\t\t<\/div>\n\t\t\t\t\t<\/div>\n\t\t<\/section>\n\t\t\t\t<\/div>\n\t\t","protected":false},"excerpt":{"rendered":"<p>A avicultura \u00e9 uma das principais atividades agropecu\u00e1rias de Santa Catarina, respons\u00e1vel por 19,6% do VBP agropecu\u00e1rio do estado. O modelo de avicultura industrial surgiu na d\u00e9cada de 1960, e, inicialmente, incorporou grande contingente de produtores e unidades de abate \u00e0 cadeia produtiva. Contudo, a partir dos anos 1980 e 1990, observou-se redu\u00e7\u00e3o no n\u00famero de frigor\u00edficos e produtores, apesar do crescimento da produ\u00e7\u00e3o. Contudo, n\u00e3o h\u00e1 estudos recentes que possibilitem analisar os rumos adotados por esse setor atualmente. Este artigo busca analisar a evolu\u00e7\u00e3o dos abatedouros de frangos no per\u00edodo 2013 a 2020, em especial a concentra\u00e7\u00e3o dos abates. Verificouse que o n\u00famero de frigor\u00edficos caiu 27,3% entre 2013 e 2020, sendo a queda assim distribu\u00edda: unidades com SIF (-8,7%); unidades com SIM (-23,5%); e unidades com SIE (-46,2%). Os frigor\u00edficos com SIF s\u00e3o respons\u00e1veis pela maioria dos abates em Santa Catarina, situa\u00e7\u00e3o que se manteve praticamente inalterada nos \u00faltimos anos:98,5% das aves abatidas em 2013 e 97,8% em 2020. No que diz respeito ao tamanho, em 2013 as unidades que abatiam mais de 50 milh\u00f5es de aves por ano eram respons\u00e1veis por 53,9% da produ\u00e7\u00e3o total, participa\u00e7\u00e3o que passou para 58,9% em 2020. Quando se considera as unidades com mais de 10 milh\u00f5es de aves abatidas\/ano, a participa\u00e7\u00e3o do segmento foi de 96,4% em 2020. Por outro lado, a participa\u00e7\u00e3o dos frigor\u00edficos que abatem at\u00e9 1 milh\u00e3o de aves caiu de 0,7%, em 2013, para 0,4%, em 2020. O grau de concentra\u00e7\u00e3o fica mais evidente quando se leva em considera\u00e7\u00e3o os abates por empresa propriet\u00e1ria dos frigor\u00edficos. As tr\u00eas maiores foram respons\u00e1veis por 87,3% dos abates em 2013 e 94,5% em 2020. Conclui-se que a concentra\u00e7\u00e3o produtiva, caracter\u00edstica que marca a agroind\u00fastria av\u00edcola catarinense desde a origem, avan\u00e7ou ainda mais no per\u00edodo analisado, principalmente pela amplia\u00e7\u00e3o da capacidade de abate dos estabelecimentos de maior porte e fechamento expressivo de pequenas e m\u00e9dias empresas. Artigo na integra Ano: 2021 Autores:Alexandre Lu\u00eds Giehl \u2013 Epagri\/CepaMarcia Mondardo \u2013 Epagri\/Cepa<\/p>\n","protected":false},"author":3,"featured_media":0,"comment_status":"closed","ping_status":"open","sticky":false,"template":"","format":"standard","meta":{"ocean_post_layout":"","ocean_both_sidebars_style":"","ocean_both_sidebars_content_width":0,"ocean_both_sidebars_sidebars_width":0,"ocean_sidebar":"0","ocean_second_sidebar":"0","ocean_disable_margins":"enable","ocean_add_body_class":"","ocean_shortcode_before_top_bar":"","ocean_shortcode_after_top_bar":"","ocean_shortcode_before_header":"","ocean_shortcode_after_header":"","ocean_has_shortcode":"","ocean_shortcode_after_title":"","ocean_shortcode_before_footer_widgets":"","ocean_shortcode_after_footer_widgets":"","ocean_shortcode_before_footer_bottom":"","ocean_shortcode_after_footer_bottom":"","ocean_display_top_bar":"default","ocean_display_header":"default","ocean_header_style":"","ocean_center_header_left_menu":"0","ocean_custom_header_template":"0","ocean_custom_logo":0,"ocean_custom_retina_logo":0,"ocean_custom_logo_max_width":0,"ocean_custom_logo_tablet_max_width":0,"ocean_custom_logo_mobile_max_width":0,"ocean_custom_logo_max_height":0,"ocean_custom_logo_tablet_max_height":0,"ocean_custom_logo_mobile_max_height":0,"ocean_header_custom_menu":"0","ocean_menu_typo_font_family":"0","ocean_menu_typo_font_subset":"","ocean_menu_typo_font_size":0,"ocean_menu_typo_font_size_tablet":0,"ocean_menu_typo_font_size_mobile":0,"ocean_menu_typo_font_size_unit":"px","ocean_menu_typo_font_weight":"","ocean_menu_typo_font_weight_tablet":"","ocean_menu_typo_font_weight_mobile":"","ocean_menu_typo_transform":"","ocean_menu_typo_transform_tablet":"","ocean_menu_typo_transform_mobile":"","ocean_menu_typo_line_height":0,"ocean_menu_typo_line_height_tablet":0,"ocean_menu_typo_line_height_mobile":0,"ocean_menu_typo_line_height_unit":"","ocean_menu_typo_spacing":0,"ocean_menu_typo_spacing_tablet":0,"ocean_menu_typo_spacing_mobile":0,"ocean_menu_typo_spacing_unit":"","ocean_menu_link_color":"","ocean_menu_link_color_hover":"","ocean_menu_link_color_active":"","ocean_menu_link_background":"","ocean_menu_link_hover_background":"","ocean_menu_link_active_background":"","ocean_menu_social_links_bg":"","ocean_menu_social_hover_links_bg":"","ocean_menu_social_links_color":"","ocean_menu_social_hover_links_color":"","ocean_disable_title":"default","ocean_disable_heading":"default","ocean_post_title":"","ocean_post_subheading":"","ocean_post_title_style":"","ocean_post_title_background_color":"","ocean_post_title_background":0,"ocean_post_title_bg_image_position":"","ocean_post_title_bg_image_attachment":"","ocean_post_title_bg_image_repeat":"","ocean_post_title_bg_image_size":"","ocean_post_title_height":0,"ocean_post_title_bg_overlay":0.5,"ocean_post_title_bg_overlay_color":"","ocean_disable_breadcrumbs":"default","ocean_breadcrumbs_color":"","ocean_breadcrumbs_separator_color":"","ocean_breadcrumbs_links_color":"","ocean_breadcrumbs_links_hover_color":"","ocean_display_footer_widgets":"default","ocean_display_footer_bottom":"default","ocean_custom_footer_template":"0","ocean_post_oembed":"","ocean_post_self_hosted_media":"","ocean_post_video_embed":"","ocean_link_format":"","ocean_link_format_target":"self","ocean_quote_format":"","ocean_quote_format_link":"post","ocean_gallery_link_images":"off","ocean_gallery_id":[],"footnotes":""},"categories":[11],"tags":[71,103,104,37],"class_list":["post-12323","post","type-post","status-publish","format-standard","hentry","category-artigos","tag-agroindustria","tag-avicultura","tag-frangos","tag-santa-catarina","entry"],"_links":{"self":[{"href":"https:\/\/cepa.epagri.sc.gov.br\/index.php\/wp-json\/wp\/v2\/posts\/12323","targetHints":{"allow":["GET"]}}],"collection":[{"href":"https:\/\/cepa.epagri.sc.gov.br\/index.php\/wp-json\/wp\/v2\/posts"}],"about":[{"href":"https:\/\/cepa.epagri.sc.gov.br\/index.php\/wp-json\/wp\/v2\/types\/post"}],"author":[{"embeddable":true,"href":"https:\/\/cepa.epagri.sc.gov.br\/index.php\/wp-json\/wp\/v2\/users\/3"}],"replies":[{"embeddable":true,"href":"https:\/\/cepa.epagri.sc.gov.br\/index.php\/wp-json\/wp\/v2\/comments?post=12323"}],"version-history":[{"count":7,"href":"https:\/\/cepa.epagri.sc.gov.br\/index.php\/wp-json\/wp\/v2\/posts\/12323\/revisions"}],"predecessor-version":[{"id":12330,"href":"https:\/\/cepa.epagri.sc.gov.br\/index.php\/wp-json\/wp\/v2\/posts\/12323\/revisions\/12330"}],"wp:attachment":[{"href":"https:\/\/cepa.epagri.sc.gov.br\/index.php\/wp-json\/wp\/v2\/media?parent=12323"}],"wp:term":[{"taxonomy":"category","embeddable":true,"href":"https:\/\/cepa.epagri.sc.gov.br\/index.php\/wp-json\/wp\/v2\/categories?post=12323"},{"taxonomy":"post_tag","embeddable":true,"href":"https:\/\/cepa.epagri.sc.gov.br\/index.php\/wp-json\/wp\/v2\/tags?post=12323"}],"curies":[{"name":"wp","href":"https:\/\/api.w.org\/{rel}","templated":true}]}}