{"id":10959,"date":"2021-05-11T14:11:15","date_gmt":"2021-05-11T17:11:15","guid":{"rendered":"https:\/\/cepa.epagri.sc.gov.br\/?p=10959"},"modified":"2022-05-09T15:51:56","modified_gmt":"2022-05-09T18:51:56","slug":"dinamica-e-caracteristicas-da-producao-de-bovinos-para-autoconsumo-em-santa-catarina","status":"publish","type":"post","link":"https:\/\/cepa.epagri.sc.gov.br\/index.php\/dinamica-e-caracteristicas-da-producao-de-bovinos-para-autoconsumo-em-santa-catarina\/","title":{"rendered":"Din\u00e2mica e caracter\u00edsticas da produ\u00e7\u00e3o de bovinos para autoconsumo em Santa Catarina"},"content":{"rendered":"\t\t<div data-elementor-type=\"wp-post\" data-elementor-id=\"10959\" class=\"elementor elementor-10959\">\n\t\t\t\t\t\t<section class=\"elementor-section elementor-top-section elementor-element elementor-element-d914e72 elementor-section-boxed elementor-section-height-default elementor-section-height-default wpr-particle-no wpr-jarallax-no wpr-parallax-no wpr-sticky-section-no wpr-equal-height-no\" data-id=\"d914e72\" data-element_type=\"section\" data-e-type=\"section\">\n\t\t\t\t\t\t<div class=\"elementor-container elementor-column-gap-default\">\n\t\t\t\t\t<div class=\"elementor-column elementor-col-100 elementor-top-column elementor-element elementor-element-2eb24e1\" data-id=\"2eb24e1\" data-element_type=\"column\" data-e-type=\"column\">\n\t\t\t<div class=\"elementor-widget-wrap elementor-element-populated\">\n\t\t\t\t\t\t<div class=\"elementor-element elementor-element-aa0162b elementor-widget elementor-widget-text-editor\" data-id=\"aa0162b\" data-element_type=\"widget\" data-e-type=\"widget\" data-widget_type=\"text-editor.default\">\n\t\t\t\t<div class=\"elementor-widget-container\">\n\t\t\t\t\t\t\t\t\t<p>A produ\u00e7\u00e3o de bovinos para autoconsumo representa importante fonte de alimentos e de renda para mais de 50 mil agricultores catarinenses, gerando um valor bruto anual de R$ 223 milh\u00f5es. Apesar da relev\u00e2ncia econ\u00f4mica e social, h\u00e1 poucos estudos sobre o tema que n\u00e3o \u00e9 abrangido pela maioria das estat\u00edsticas oficiais. Este artigo apresenta uma an\u00e1lise explorat\u00f3ria dos abates de bovinos para autoconsumo em Santa Catarina entre 2010 e 2019, identificando as principais caracter\u00edsticas e avaliando as mudan\u00e7as ocorridas no per\u00edodo. Foram utilizados dados do cadastro de produtores e animais junto ao \u00f3rg\u00e3o de defesa<br>agropecu\u00e1ria do estado. Verificou-se que, em 2010, o autoconsumo representava 17,7% do&nbsp;<span style=\"font-size: 14px; color: var( --e-global-color-text );\">total de bovinos abatidos em Santa Catarina, \u00edndice que caiu para 13,5% em 2019. Observou-<\/span><span style=\"font-size: 14px; color: var( --e-global-color-text );\">se predomin\u00e2ncia no abate de machos (52,3% em 2019), embora a participa\u00e7\u00e3o de f\u00eameas&nbsp;<\/span><span style=\"font-size: 14px; color: var( --e-global-color-text );\">tenha crescido entre 2014 e 2019. Quanto \u00e0 idade, h\u00e1 concentra\u00e7\u00e3o de abate de animais acima&nbsp;<\/span><span style=\"font-size: 14px; color: var( --e-global-color-text );\">de 36 meses (38,6% em 2019), seguida por animais de 13 a 24 meses (32,0%). A Mesorregi\u00e3o&nbsp;<\/span><span style=\"font-size: 14px; color: var( --e-global-color-text );\">Oeste Catarinense foi respons\u00e1vel por 67,7% dos abates realizados em 2019, embora&nbsp;<\/span><span style=\"font-size: 14px; color: var( --e-global-color-text );\">concentre apenas 47,4% do rebanho bovino estadual. O m\u00eas de maior ocorr\u00eancia de abates \u00e9&nbsp;<\/span><span style=\"font-size: 14px; color: var( --e-global-color-text );\">dezembro, seguido por abril, coincidindo com as festas de final de ano e a P\u00e1scoa,&nbsp;<\/span><span style=\"font-size: 14px; color: var( --e-global-color-text );\">respectivamente. \u00c9 poss\u00edvel afirmar que, n\u00e3o obstante a baixa visibilidade, o abate de bovinos&nbsp;<\/span><span style=\"font-size: 14px; color: var( --e-global-color-text );\">para autoconsumo tem relev\u00e2ncia econ\u00f4mica e social no meio rural catarinense, ainda que&nbsp;<\/span><span style=\"font-size: 14px; color: var( --e-global-color-text );\">com diferen\u00e7as regionais e varia\u00e7\u00f5es sazonais. <span>&nbsp;<\/span><a href=\"https:\/\/docweb.epagri.sc.gov.br\/website_cepa\/Artigos\/Dinamica_caracteristicas_producao_bovinos_SC.pdf\" target=\"_blank\" rel=\"noopener noreferrer\">Artigo na integra<\/a><\/span><\/p><p style=\"font-variant-ligatures: normal; font-variant-caps: normal; font-family: Roboto, sans-serif; font-size: 14px; font-style: normal; font-weight: 400;\">Ano: 2021<\/p><p style=\"font-variant-ligatures: normal; font-variant-caps: normal; font-family: Roboto, sans-serif; font-size: 14px; font-style: normal; font-weight: 400;\">Autores:<br>Alexandre Lu\u00eds Giehl \u2013 Epagri\/Cepa<br>Marcia Mondardo &#8211; epagri\/Cepa<\/p>\t\t\t\t\t\t\t\t<\/div>\n\t\t\t\t<\/div>\n\t\t\t\t\t<\/div>\n\t\t<\/div>\n\t\t\t\t\t<\/div>\n\t\t<\/section>\n\t\t\t\t<\/div>\n\t\t","protected":false},"excerpt":{"rendered":"<p>A produ\u00e7\u00e3o de bovinos para autoconsumo representa importante fonte de alimentos e de renda para mais de 50 mil agricultores catarinenses, gerando um valor bruto anual de R$ 223 milh\u00f5es. Apesar da relev\u00e2ncia econ\u00f4mica e social, h\u00e1 poucos estudos sobre o tema que n\u00e3o \u00e9 abrangido pela maioria das estat\u00edsticas oficiais. Este artigo apresenta uma an\u00e1lise explorat\u00f3ria dos abates de bovinos para autoconsumo em Santa Catarina entre 2010 e 2019, identificando as principais caracter\u00edsticas e avaliando as mudan\u00e7as ocorridas no per\u00edodo. Foram utilizados dados do cadastro de produtores e animais junto ao \u00f3rg\u00e3o de defesa agropecu\u00e1ria do estado. Verificou-se que, em 2010, o autoconsumo representava 17,7% do&nbsp;total de bovinos abatidos em Santa Catarina, \u00edndice que caiu para 13,5% em 2019. Observou-se predomin\u00e2ncia no abate de machos (52,3% em 2019), embora a participa\u00e7\u00e3o de f\u00eameas&nbsp;tenha crescido entre 2014 e 2019. Quanto \u00e0 idade, h\u00e1 concentra\u00e7\u00e3o de abate de animais acima&nbsp;de 36 meses (38,6% em 2019), seguida por animais de 13 a 24 meses (32,0%). A Mesorregi\u00e3o&nbsp;Oeste Catarinense foi respons\u00e1vel por 67,7% dos abates realizados em 2019, embora&nbsp;concentre apenas 47,4% do rebanho bovino estadual. O m\u00eas de maior ocorr\u00eancia de abates \u00e9&nbsp;dezembro, seguido por abril, coincidindo com as festas de final de ano e a P\u00e1scoa,&nbsp;respectivamente. \u00c9 poss\u00edvel afirmar que, n\u00e3o obstante a baixa visibilidade, o abate de bovinos&nbsp;para autoconsumo tem relev\u00e2ncia econ\u00f4mica e social no meio rural catarinense, ainda que&nbsp;com diferen\u00e7as regionais e varia\u00e7\u00f5es sazonais. &nbsp;Artigo na integra Ano: 2021 Autores: Alexandre Lu\u00eds Giehl \u2013 Epagri\/Cepa Marcia Mondardo &#8211; epagri\/Cepa<\/p>\n","protected":false},"author":3,"featured_media":0,"comment_status":"closed","ping_status":"closed","sticky":false,"template":"","format":"standard","meta":{"ocean_post_layout":"","ocean_both_sidebars_style":"","ocean_both_sidebars_content_width":0,"ocean_both_sidebars_sidebars_width":0,"ocean_sidebar":"0","ocean_second_sidebar":"0","ocean_disable_margins":"enable","ocean_add_body_class":"","ocean_shortcode_before_top_bar":"","ocean_shortcode_after_top_bar":"","ocean_shortcode_before_header":"","ocean_shortcode_after_header":"","ocean_has_shortcode":"","ocean_shortcode_after_title":"","ocean_shortcode_before_footer_widgets":"","ocean_shortcode_after_footer_widgets":"","ocean_shortcode_before_footer_bottom":"","ocean_shortcode_after_footer_bottom":"","ocean_display_top_bar":"default","ocean_display_header":"default","ocean_header_style":"","ocean_center_header_left_menu":"0","ocean_custom_header_template":"0","ocean_custom_logo":0,"ocean_custom_retina_logo":0,"ocean_custom_logo_max_width":0,"ocean_custom_logo_tablet_max_width":0,"ocean_custom_logo_mobile_max_width":0,"ocean_custom_logo_max_height":0,"ocean_custom_logo_tablet_max_height":0,"ocean_custom_logo_mobile_max_height":0,"ocean_header_custom_menu":"0","ocean_menu_typo_font_family":"0","ocean_menu_typo_font_subset":"","ocean_menu_typo_font_size":0,"ocean_menu_typo_font_size_tablet":0,"ocean_menu_typo_font_size_mobile":0,"ocean_menu_typo_font_size_unit":"px","ocean_menu_typo_font_weight":"","ocean_menu_typo_font_weight_tablet":"","ocean_menu_typo_font_weight_mobile":"","ocean_menu_typo_transform":"","ocean_menu_typo_transform_tablet":"","ocean_menu_typo_transform_mobile":"","ocean_menu_typo_line_height":0,"ocean_menu_typo_line_height_tablet":0,"ocean_menu_typo_line_height_mobile":0,"ocean_menu_typo_line_height_unit":"","ocean_menu_typo_spacing":0,"ocean_menu_typo_spacing_tablet":0,"ocean_menu_typo_spacing_mobile":0,"ocean_menu_typo_spacing_unit":"","ocean_menu_link_color":"","ocean_menu_link_color_hover":"","ocean_menu_link_color_active":"","ocean_menu_link_background":"","ocean_menu_link_hover_background":"","ocean_menu_link_active_background":"","ocean_menu_social_links_bg":"","ocean_menu_social_hover_links_bg":"","ocean_menu_social_links_color":"","ocean_menu_social_hover_links_color":"","ocean_disable_title":"default","ocean_disable_heading":"default","ocean_post_title":"","ocean_post_subheading":"","ocean_post_title_style":"","ocean_post_title_background_color":"","ocean_post_title_background":0,"ocean_post_title_bg_image_position":"","ocean_post_title_bg_image_attachment":"","ocean_post_title_bg_image_repeat":"","ocean_post_title_bg_image_size":"","ocean_post_title_height":0,"ocean_post_title_bg_overlay":0.5,"ocean_post_title_bg_overlay_color":"","ocean_disable_breadcrumbs":"default","ocean_breadcrumbs_color":"","ocean_breadcrumbs_separator_color":"","ocean_breadcrumbs_links_color":"","ocean_breadcrumbs_links_hover_color":"","ocean_display_footer_widgets":"default","ocean_display_footer_bottom":"default","ocean_custom_footer_template":"0","ocean_post_oembed":"","ocean_post_self_hosted_media":"","ocean_post_video_embed":"","ocean_link_format":"","ocean_link_format_target":"self","ocean_quote_format":"","ocean_quote_format_link":"post","ocean_gallery_link_images":"off","ocean_gallery_id":[],"footnotes":""},"categories":[11],"tags":[54,105,106,107,37,108],"class_list":["post-10959","post","type-post","status-publish","format-standard","hentry","category-artigos","tag-agricultura-familiar","tag-artigos","tag-bovinos","tag-carne-bovina","tag-santa-catarina","tag-seguranca-alimentar","entry"],"_links":{"self":[{"href":"https:\/\/cepa.epagri.sc.gov.br\/index.php\/wp-json\/wp\/v2\/posts\/10959","targetHints":{"allow":["GET"]}}],"collection":[{"href":"https:\/\/cepa.epagri.sc.gov.br\/index.php\/wp-json\/wp\/v2\/posts"}],"about":[{"href":"https:\/\/cepa.epagri.sc.gov.br\/index.php\/wp-json\/wp\/v2\/types\/post"}],"author":[{"embeddable":true,"href":"https:\/\/cepa.epagri.sc.gov.br\/index.php\/wp-json\/wp\/v2\/users\/3"}],"replies":[{"embeddable":true,"href":"https:\/\/cepa.epagri.sc.gov.br\/index.php\/wp-json\/wp\/v2\/comments?post=10959"}],"version-history":[{"count":5,"href":"https:\/\/cepa.epagri.sc.gov.br\/index.php\/wp-json\/wp\/v2\/posts\/10959\/revisions"}],"predecessor-version":[{"id":10971,"href":"https:\/\/cepa.epagri.sc.gov.br\/index.php\/wp-json\/wp\/v2\/posts\/10959\/revisions\/10971"}],"wp:attachment":[{"href":"https:\/\/cepa.epagri.sc.gov.br\/index.php\/wp-json\/wp\/v2\/media?parent=10959"}],"wp:term":[{"taxonomy":"category","embeddable":true,"href":"https:\/\/cepa.epagri.sc.gov.br\/index.php\/wp-json\/wp\/v2\/categories?post=10959"},{"taxonomy":"post_tag","embeddable":true,"href":"https:\/\/cepa.epagri.sc.gov.br\/index.php\/wp-json\/wp\/v2\/tags?post=10959"}],"curies":[{"name":"wp","href":"https:\/\/api.w.org\/{rel}","templated":true}]}}