{"id":10207,"date":"2020-12-17T17:02:34","date_gmt":"2020-12-17T20:02:34","guid":{"rendered":"https:\/\/cepa.epagri.sc.gov.br\/?p=10207"},"modified":"2024-11-01T08:52:20","modified_gmt":"2024-11-01T11:52:20","slug":"transformacoes-na-distribuicao-do-rebanho-e-producao-de-bovinos-em-santa-catarina","status":"publish","type":"post","link":"https:\/\/cepa.epagri.sc.gov.br\/index.php\/transformacoes-na-distribuicao-do-rebanho-e-producao-de-bovinos-em-santa-catarina\/","title":{"rendered":"Transforma\u00e7\u00f5es na distribui\u00e7\u00e3o do rebanho e produ\u00e7\u00e3o de bovinos em Santa Catarina"},"content":{"rendered":"\t\t<div data-elementor-type=\"wp-post\" data-elementor-id=\"10207\" class=\"elementor elementor-10207\">\n\t\t\t\t\t\t<section class=\"elementor-section elementor-top-section elementor-element elementor-element-83594b4 elementor-section-boxed elementor-section-height-default elementor-section-height-default wpr-particle-no wpr-jarallax-no wpr-parallax-no wpr-sticky-section-no wpr-equal-height-no\" data-id=\"83594b4\" data-element_type=\"section\" data-e-type=\"section\">\n\t\t\t\t\t\t<div class=\"elementor-container elementor-column-gap-default\">\n\t\t\t\t\t<div class=\"elementor-column elementor-col-100 elementor-top-column elementor-element elementor-element-cc506eb\" data-id=\"cc506eb\" data-element_type=\"column\" data-e-type=\"column\">\n\t\t\t<div class=\"elementor-widget-wrap elementor-element-populated\">\n\t\t\t\t\t\t<div class=\"elementor-element elementor-element-26f6d6d elementor-widget elementor-widget-text-editor\" data-id=\"26f6d6d\" data-element_type=\"widget\" data-e-type=\"widget\" data-widget_type=\"text-editor.default\">\n\t\t\t\t<div class=\"elementor-widget-container\">\n\t\t\t\t\t\t\t\t\t<p><span class=\"fontstyle0\">Embora a pecu\u00e1ria em Santa Catarina tenha tido origem na regi\u00e3o Serrana, ao longo da hist\u00f3ria observaram-se altera\u00e7\u00f5es significativas na distribui\u00e7\u00e3o do rebanho e na produ\u00e7\u00e3o de carne bovina em todo o Estado. A partir de dados do IBGE e da Cidasc, buscou-se identificar as principais mudan\u00e7as nas d\u00e9cadas recentes e delinear o atual cen\u00e1rio dessa atividade. Entre 1990<br \/>e 2018, observou-se crescimento do rebanho em todas as mesorregi\u00f5es do Estado, com destaque para o Oeste Catarinense (86,8%). Com isso, a participa\u00e7\u00e3o daquela regi\u00e3o no rebanho total passou de 37,6% para 48,0%. Grande parte dessa varia\u00e7\u00e3o est\u00e1 associada \u00e0 expans\u00e3o da pecu\u00e1ria de leite no per\u00edodo. Tamb\u00e9m se observou aumento da participa\u00e7\u00e3o do Oeste na produ\u00e7\u00e3o de carne, passando de 45% dos bovinos abatidos em 2010, para 50% em 2019, enquanto \u00e1reas tradicionais, como a mesorregi\u00e3o Serrana, reduziram sua participa\u00e7\u00e3o. Tais dados evidenciam as transforma\u00e7\u00f5es em curso na pecu\u00e1ria catarinense. <\/span><a href=\"https:\/\/docweb.epagri.sc.gov.br\/website_cepa\/Artigos\/Anais_Workshop_Ciencia_Inova\u00e7\u00e3o_Pecu\u00e1ria_2020.pdf\" target=\"_blank\" rel=\"noopener noreferrer\">Artigo na integra<\/a><\/p><p>Ano: 2020<\/p><p>Autor:<br \/>Alexandre Lu\u00eds Giehl \u2013 Epagri\/Cepa<\/p>\t\t\t\t\t\t\t\t<\/div>\n\t\t\t\t<\/div>\n\t\t\t\t\t<\/div>\n\t\t<\/div>\n\t\t\t\t\t<\/div>\n\t\t<\/section>\n\t\t\t\t<\/div>\n\t\t","protected":false},"excerpt":{"rendered":"<p>Embora a pecu\u00e1ria em Santa Catarina tenha tido origem na regi\u00e3o Serrana, ao longo da hist\u00f3ria observaram-se altera\u00e7\u00f5es significativas na distribui\u00e7\u00e3o do rebanho e na produ\u00e7\u00e3o de carne bovina em todo o Estado. A partir de dados do IBGE e da Cidasc, buscou-se identificar as principais mudan\u00e7as nas d\u00e9cadas recentes e delinear o atual cen\u00e1rio dessa atividade. Entre 1990e 2018, observou-se crescimento do rebanho em todas as mesorregi\u00f5es do Estado, com destaque para o Oeste Catarinense (86,8%). Com isso, a participa\u00e7\u00e3o daquela regi\u00e3o no rebanho total passou de 37,6% para 48,0%. Grande parte dessa varia\u00e7\u00e3o est\u00e1 associada \u00e0 expans\u00e3o da pecu\u00e1ria de leite no per\u00edodo. Tamb\u00e9m se observou aumento da participa\u00e7\u00e3o do Oeste na produ\u00e7\u00e3o de carne, passando de 45% dos bovinos abatidos em 2010, para 50% em 2019, enquanto \u00e1reas tradicionais, como a mesorregi\u00e3o Serrana, reduziram sua participa\u00e7\u00e3o. Tais dados evidenciam as transforma\u00e7\u00f5es em curso na pecu\u00e1ria catarinense. Artigo na integra Ano: 2020 Autor:Alexandre Lu\u00eds Giehl \u2013 Epagri\/Cepa<\/p>\n","protected":false},"author":3,"featured_media":0,"comment_status":"closed","ping_status":"closed","sticky":false,"template":"","format":"standard","meta":{"ocean_post_layout":"","ocean_both_sidebars_style":"","ocean_both_sidebars_content_width":0,"ocean_both_sidebars_sidebars_width":0,"ocean_sidebar":"","ocean_second_sidebar":"","ocean_disable_margins":"enable","ocean_add_body_class":"","ocean_shortcode_before_top_bar":"","ocean_shortcode_after_top_bar":"","ocean_shortcode_before_header":"","ocean_shortcode_after_header":"","ocean_has_shortcode":"","ocean_shortcode_after_title":"","ocean_shortcode_before_footer_widgets":"","ocean_shortcode_after_footer_widgets":"","ocean_shortcode_before_footer_bottom":"","ocean_shortcode_after_footer_bottom":"","ocean_display_top_bar":"default","ocean_display_header":"default","ocean_header_style":"","ocean_center_header_left_menu":"","ocean_custom_header_template":"","ocean_custom_logo":0,"ocean_custom_retina_logo":0,"ocean_custom_logo_max_width":0,"ocean_custom_logo_tablet_max_width":0,"ocean_custom_logo_mobile_max_width":0,"ocean_custom_logo_max_height":0,"ocean_custom_logo_tablet_max_height":0,"ocean_custom_logo_mobile_max_height":0,"ocean_header_custom_menu":"","ocean_menu_typo_font_family":"","ocean_menu_typo_font_subset":"","ocean_menu_typo_font_size":0,"ocean_menu_typo_font_size_tablet":0,"ocean_menu_typo_font_size_mobile":0,"ocean_menu_typo_font_size_unit":"px","ocean_menu_typo_font_weight":"","ocean_menu_typo_font_weight_tablet":"","ocean_menu_typo_font_weight_mobile":"","ocean_menu_typo_transform":"","ocean_menu_typo_transform_tablet":"","ocean_menu_typo_transform_mobile":"","ocean_menu_typo_line_height":0,"ocean_menu_typo_line_height_tablet":0,"ocean_menu_typo_line_height_mobile":0,"ocean_menu_typo_line_height_unit":"","ocean_menu_typo_spacing":0,"ocean_menu_typo_spacing_tablet":0,"ocean_menu_typo_spacing_mobile":0,"ocean_menu_typo_spacing_unit":"","ocean_menu_link_color":"","ocean_menu_link_color_hover":"","ocean_menu_link_color_active":"","ocean_menu_link_background":"","ocean_menu_link_hover_background":"","ocean_menu_link_active_background":"","ocean_menu_social_links_bg":"","ocean_menu_social_hover_links_bg":"","ocean_menu_social_links_color":"","ocean_menu_social_hover_links_color":"","ocean_disable_title":"default","ocean_disable_heading":"default","ocean_post_title":"","ocean_post_subheading":"","ocean_post_title_style":"","ocean_post_title_background_color":"","ocean_post_title_background":0,"ocean_post_title_bg_image_position":"","ocean_post_title_bg_image_attachment":"","ocean_post_title_bg_image_repeat":"","ocean_post_title_bg_image_size":"","ocean_post_title_height":0,"ocean_post_title_bg_overlay":0.5,"ocean_post_title_bg_overlay_color":"","ocean_disable_breadcrumbs":"default","ocean_breadcrumbs_color":"","ocean_breadcrumbs_separator_color":"","ocean_breadcrumbs_links_color":"","ocean_breadcrumbs_links_hover_color":"","ocean_display_footer_widgets":"off","ocean_display_footer_bottom":"off","ocean_custom_footer_template":"","ocean_post_oembed":"","ocean_post_self_hosted_media":"","ocean_post_video_embed":"","ocean_link_format":"","ocean_link_format_target":"self","ocean_quote_format":"","ocean_quote_format_link":"post","ocean_gallery_link_images":"on","ocean_gallery_id":[],"footnotes":""},"categories":[11],"tags":[84],"class_list":["post-10207","post","type-post","status-publish","format-standard","hentry","category-artigos","tag-rebanho-efetivo-pecuaria-de-corte-carne-bovina-abate","entry"],"_links":{"self":[{"href":"https:\/\/cepa.epagri.sc.gov.br\/index.php\/wp-json\/wp\/v2\/posts\/10207","targetHints":{"allow":["GET"]}}],"collection":[{"href":"https:\/\/cepa.epagri.sc.gov.br\/index.php\/wp-json\/wp\/v2\/posts"}],"about":[{"href":"https:\/\/cepa.epagri.sc.gov.br\/index.php\/wp-json\/wp\/v2\/types\/post"}],"author":[{"embeddable":true,"href":"https:\/\/cepa.epagri.sc.gov.br\/index.php\/wp-json\/wp\/v2\/users\/3"}],"replies":[{"embeddable":true,"href":"https:\/\/cepa.epagri.sc.gov.br\/index.php\/wp-json\/wp\/v2\/comments?post=10207"}],"version-history":[{"count":4,"href":"https:\/\/cepa.epagri.sc.gov.br\/index.php\/wp-json\/wp\/v2\/posts\/10207\/revisions"}],"predecessor-version":[{"id":13927,"href":"https:\/\/cepa.epagri.sc.gov.br\/index.php\/wp-json\/wp\/v2\/posts\/10207\/revisions\/13927"}],"wp:attachment":[{"href":"https:\/\/cepa.epagri.sc.gov.br\/index.php\/wp-json\/wp\/v2\/media?parent=10207"}],"wp:term":[{"taxonomy":"category","embeddable":true,"href":"https:\/\/cepa.epagri.sc.gov.br\/index.php\/wp-json\/wp\/v2\/categories?post=10207"},{"taxonomy":"post_tag","embeddable":true,"href":"https:\/\/cepa.epagri.sc.gov.br\/index.php\/wp-json\/wp\/v2\/tags?post=10207"}],"curies":[{"name":"wp","href":"https:\/\/api.w.org\/{rel}","templated":true}]}}