{"id":10121,"date":"2020-12-07T16:40:45","date_gmt":"2020-12-07T19:40:45","guid":{"rendered":"https:\/\/cepa.epagri.sc.gov.br\/?p=10121"},"modified":"2022-05-09T16:21:20","modified_gmt":"2022-05-09T19:21:20","slug":"producao-de-frangos-em-santa-catarina-uma-analise-da-regionalizacao-dos-abates-2","status":"publish","type":"post","link":"https:\/\/cepa.epagri.sc.gov.br\/index.php\/producao-de-frangos-em-santa-catarina-uma-analise-da-regionalizacao-dos-abates-2\/","title":{"rendered":"Produ\u00e7\u00e3o de frangos em Santa Catarina: uma an\u00e1lise da regionaliza\u00e7\u00e3o dos abates"},"content":{"rendered":"\t\t<div data-elementor-type=\"wp-post\" data-elementor-id=\"10121\" class=\"elementor elementor-10121\">\n\t\t\t\t\t\t<section class=\"elementor-section elementor-top-section elementor-element elementor-element-eb270fc elementor-section-boxed elementor-section-height-default elementor-section-height-default wpr-particle-no wpr-jarallax-no wpr-parallax-no wpr-sticky-section-no wpr-equal-height-no\" data-id=\"eb270fc\" data-element_type=\"section\" data-e-type=\"section\">\n\t\t\t\t\t\t<div class=\"elementor-container elementor-column-gap-default\">\n\t\t\t\t\t<div class=\"elementor-column elementor-col-100 elementor-top-column elementor-element elementor-element-59db223\" data-id=\"59db223\" data-element_type=\"column\" data-e-type=\"column\">\n\t\t\t<div class=\"elementor-widget-wrap elementor-element-populated\">\n\t\t\t\t\t\t<div class=\"elementor-element elementor-element-3572370 elementor-widget elementor-widget-text-editor\" data-id=\"3572370\" data-element_type=\"widget\" data-e-type=\"widget\" data-widget_type=\"text-editor.default\">\n\t\t\t\t<div class=\"elementor-widget-container\">\n\t\t\t\t\t\t\t\t\t<p>&nbsp;<span style=\"font-size: 14px; color: var( --e-global-color-text );\">A produ\u00e7\u00e3o de frangos \u00e9 a principal atividade agropecu\u00e1ria de Santa Catarina, com 19,6% do VBP do setor. Embora a avicultura esteja presente em todas as regi\u00f5es, 79,4% dos animais s\u00e3o produzidos na mesorregi\u00e3o Oeste Catarinense. Como nem sempre o abate ocorre na mesma regi\u00e3o de produ\u00e7\u00e3o, este artigo busca analisar a distribui\u00e7\u00e3o do abate de frangos nas mesorregi\u00f5es catarinenses, para compreender a estrutura\u00e7\u00e3o da cadeia e avaliar mudan\u00e7as entre 2013 e 2019. Em 2013, 66 estabelecimentos abateram frangos: 53,0% no Oeste Catarinense, 24,2% no Sul Catarinense, 9,1% no Vale do Itaja\u00ed e 13,7% nas outras tr\u00eas mesorregi\u00f5es. Em 2019, o n\u00famero caiu para 50 (-24,2%): 52% no Oeste; o Sul Catarinense reduziu sua participa\u00e7\u00e3o (18,0%) e o Vale do Itaja\u00ed ampliou (16,0%). Em 2013, foram abatidos 785,9 milh\u00f5es de frangos no estado, sendo 79,7% no Oeste Catarinense, 13,4% no Sul Catarinense, 4,1% no Norte Catarinense e 2,8% nas demais regi\u00f5es. Em 2019, foram abatidas 829,35 milh\u00f5es de aves: a participa\u00e7\u00e3o do Oeste aumentou para 81,9% e as demais regi\u00f5es perderam espa\u00e7o, com exce\u00e7\u00e3o do Norte (4,3%). O Oeste concentra 70% dos abatedouros de frangos com SIF no estado, sendo respons\u00e1vel pela maior&nbsp;<\/span><span style=\"font-family: Roboto, sans-serif; font-size: 14px; font-style: normal; font-variant-ligatures: normal; font-variant-caps: normal; font-weight: 400; color: var( --e-global-color-text );\">parte da carne de frango exportada<\/span><span style=\"font-family: Roboto, sans-serif; font-size: 14px; font-style: normal; font-variant-ligatures: normal; font-variant-caps: normal; font-weight: 400; color: var( --e-global-color-text );\">,&nbsp;&nbsp;<\/span><a href=\"https:\/\/docweb.epagri.sc.gov.br\/website_cepa\/Artigos\/Regionalizacao_do_abate_de_frangos.pdf\" target=\"_blank\" rel=\"noopener noreferrer\" style=\"font-family: Roboto, sans-serif; font-size: 14px; font-style: normal; font-variant-ligatures: normal; font-variant-caps: normal; font-weight: 400; background-color: rgb(255, 255, 255);\">Artigo na integra<\/a><\/p>\n<p style=\"font-variant-ligatures: normal; font-variant-caps: normal; font-family: Roboto, sans-serif; font-size: 14px; font-style: normal; font-weight: 400;\">Ano: 2020<\/p>\n<p style=\"font-variant-ligatures: normal; font-variant-caps: normal; font-family: Roboto, sans-serif; font-size: 14px; font-style: normal; font-weight: 400;\">Autor (es):<br>Alexandre Lu\u00eds Giehl \u2013 Epagri\/Cepa<br>M\u00e1rcia Mondardo \u2013 Epagri\/Cepa<\/p>\t\t\t\t\t\t\t\t<\/div>\n\t\t\t\t<\/div>\n\t\t\t\t\t<\/div>\n\t\t<\/div>\n\t\t\t\t\t<\/div>\n\t\t<\/section>\n\t\t\t\t<\/div>\n\t\t","protected":false},"excerpt":{"rendered":"<p>&nbsp;A produ\u00e7\u00e3o de frangos \u00e9 a principal atividade agropecu\u00e1ria de Santa Catarina, com 19,6% do VBP do setor. Embora a avicultura esteja presente em todas as regi\u00f5es, 79,4% dos animais s\u00e3o produzidos na mesorregi\u00e3o Oeste Catarinense. Como nem sempre o abate ocorre na mesma regi\u00e3o de produ\u00e7\u00e3o, este artigo busca analisar a distribui\u00e7\u00e3o do abate de frangos nas mesorregi\u00f5es catarinenses, para compreender a estrutura\u00e7\u00e3o da cadeia e avaliar mudan\u00e7as entre 2013 e 2019. Em 2013, 66 estabelecimentos abateram frangos: 53,0% no Oeste Catarinense, 24,2% no Sul Catarinense, 9,1% no Vale do Itaja\u00ed e 13,7% nas outras tr\u00eas mesorregi\u00f5es. Em 2019, o n\u00famero caiu para 50 (-24,2%): 52% no Oeste; o Sul Catarinense reduziu sua participa\u00e7\u00e3o (18,0%) e o Vale do Itaja\u00ed ampliou (16,0%). Em 2013, foram abatidos 785,9 milh\u00f5es de frangos no estado, sendo 79,7% no Oeste Catarinense, 13,4% no Sul Catarinense, 4,1% no Norte Catarinense e 2,8% nas demais regi\u00f5es. Em 2019, foram abatidas 829,35 milh\u00f5es de aves: a participa\u00e7\u00e3o do Oeste aumentou para 81,9% e as demais regi\u00f5es perderam espa\u00e7o, com exce\u00e7\u00e3o do Norte (4,3%). O Oeste concentra 70% dos abatedouros de frangos com SIF no estado, sendo respons\u00e1vel pela maior&nbsp;parte da carne de frango exportada,&nbsp;&nbsp;Artigo na integra Ano: 2020 Autor (es): Alexandre Lu\u00eds Giehl \u2013 Epagri\/Cepa M\u00e1rcia Mondardo \u2013 Epagri\/Cepa<\/p>\n","protected":false},"author":3,"featured_media":0,"comment_status":"closed","ping_status":"closed","sticky":false,"template":"","format":"standard","meta":{"ocean_post_layout":"","ocean_both_sidebars_style":"","ocean_both_sidebars_content_width":0,"ocean_both_sidebars_sidebars_width":0,"ocean_sidebar":"0","ocean_second_sidebar":"0","ocean_disable_margins":"enable","ocean_add_body_class":"","ocean_shortcode_before_top_bar":"","ocean_shortcode_after_top_bar":"","ocean_shortcode_before_header":"","ocean_shortcode_after_header":"","ocean_has_shortcode":"","ocean_shortcode_after_title":"","ocean_shortcode_before_footer_widgets":"","ocean_shortcode_after_footer_widgets":"","ocean_shortcode_before_footer_bottom":"","ocean_shortcode_after_footer_bottom":"","ocean_display_top_bar":"default","ocean_display_header":"default","ocean_header_style":"","ocean_center_header_left_menu":"0","ocean_custom_header_template":"0","ocean_custom_logo":0,"ocean_custom_retina_logo":0,"ocean_custom_logo_max_width":0,"ocean_custom_logo_tablet_max_width":0,"ocean_custom_logo_mobile_max_width":0,"ocean_custom_logo_max_height":0,"ocean_custom_logo_tablet_max_height":0,"ocean_custom_logo_mobile_max_height":0,"ocean_header_custom_menu":"0","ocean_menu_typo_font_family":"0","ocean_menu_typo_font_subset":"","ocean_menu_typo_font_size":0,"ocean_menu_typo_font_size_tablet":0,"ocean_menu_typo_font_size_mobile":0,"ocean_menu_typo_font_size_unit":"px","ocean_menu_typo_font_weight":"","ocean_menu_typo_font_weight_tablet":"","ocean_menu_typo_font_weight_mobile":"","ocean_menu_typo_transform":"","ocean_menu_typo_transform_tablet":"","ocean_menu_typo_transform_mobile":"","ocean_menu_typo_line_height":0,"ocean_menu_typo_line_height_tablet":0,"ocean_menu_typo_line_height_mobile":0,"ocean_menu_typo_line_height_unit":"","ocean_menu_typo_spacing":0,"ocean_menu_typo_spacing_tablet":0,"ocean_menu_typo_spacing_mobile":0,"ocean_menu_typo_spacing_unit":"","ocean_menu_link_color":"","ocean_menu_link_color_hover":"","ocean_menu_link_color_active":"","ocean_menu_link_background":"","ocean_menu_link_hover_background":"","ocean_menu_link_active_background":"","ocean_menu_social_links_bg":"","ocean_menu_social_hover_links_bg":"","ocean_menu_social_links_color":"","ocean_menu_social_hover_links_color":"","ocean_disable_title":"default","ocean_disable_heading":"default","ocean_post_title":"","ocean_post_subheading":"","ocean_post_title_style":"","ocean_post_title_background_color":"","ocean_post_title_background":0,"ocean_post_title_bg_image_position":"","ocean_post_title_bg_image_attachment":"","ocean_post_title_bg_image_repeat":"","ocean_post_title_bg_image_size":"","ocean_post_title_height":0,"ocean_post_title_bg_overlay":0.5,"ocean_post_title_bg_overlay_color":"","ocean_disable_breadcrumbs":"default","ocean_breadcrumbs_color":"","ocean_breadcrumbs_separator_color":"","ocean_breadcrumbs_links_color":"","ocean_breadcrumbs_links_hover_color":"","ocean_display_footer_widgets":"default","ocean_display_footer_bottom":"default","ocean_custom_footer_template":"0","ocean_post_oembed":"","ocean_post_self_hosted_media":"","ocean_post_video_embed":"","ocean_link_format":"","ocean_link_format_target":"self","ocean_quote_format":"","ocean_quote_format_link":"post","ocean_gallery_link_images":"off","ocean_gallery_id":[],"footnotes":""},"categories":[11],"tags":[110],"class_list":["post-10121","post","type-post","status-publish","format-standard","hentry","category-artigos","tag-avicultura-agroindustria-abate-regionalizacao-santa-catarina","entry"],"_links":{"self":[{"href":"https:\/\/cepa.epagri.sc.gov.br\/index.php\/wp-json\/wp\/v2\/posts\/10121","targetHints":{"allow":["GET"]}}],"collection":[{"href":"https:\/\/cepa.epagri.sc.gov.br\/index.php\/wp-json\/wp\/v2\/posts"}],"about":[{"href":"https:\/\/cepa.epagri.sc.gov.br\/index.php\/wp-json\/wp\/v2\/types\/post"}],"author":[{"embeddable":true,"href":"https:\/\/cepa.epagri.sc.gov.br\/index.php\/wp-json\/wp\/v2\/users\/3"}],"replies":[{"embeddable":true,"href":"https:\/\/cepa.epagri.sc.gov.br\/index.php\/wp-json\/wp\/v2\/comments?post=10121"}],"version-history":[{"count":8,"href":"https:\/\/cepa.epagri.sc.gov.br\/index.php\/wp-json\/wp\/v2\/posts\/10121\/revisions"}],"predecessor-version":[{"id":10130,"href":"https:\/\/cepa.epagri.sc.gov.br\/index.php\/wp-json\/wp\/v2\/posts\/10121\/revisions\/10130"}],"wp:attachment":[{"href":"https:\/\/cepa.epagri.sc.gov.br\/index.php\/wp-json\/wp\/v2\/media?parent=10121"}],"wp:term":[{"taxonomy":"category","embeddable":true,"href":"https:\/\/cepa.epagri.sc.gov.br\/index.php\/wp-json\/wp\/v2\/categories?post=10121"},{"taxonomy":"post_tag","embeddable":true,"href":"https:\/\/cepa.epagri.sc.gov.br\/index.php\/wp-json\/wp\/v2\/tags?post=10121"}],"curies":[{"name":"wp","href":"https:\/\/api.w.org\/{rel}","templated":true}]}}