{"id":10086,"date":"2020-12-02T14:33:21","date_gmt":"2020-12-02T17:33:21","guid":{"rendered":"https:\/\/cepa.epagri.sc.gov.br\/?p=10086"},"modified":"2022-05-09T16:21:55","modified_gmt":"2022-05-09T19:21:55","slug":"producao-de-bovinos-para-autoconsumo-em-santa-catarina-relevancia-caracteristicas-e-dinamica","status":"publish","type":"post","link":"https:\/\/cepa.epagri.sc.gov.br\/index.php\/producao-de-bovinos-para-autoconsumo-em-santa-catarina-relevancia-caracteristicas-e-dinamica\/","title":{"rendered":"Produ\u00e7\u00e3o de bovinos para autoconsumo em Santa Catarina: relev\u00e2ncia, caracter\u00edsticas e din\u00e2mica"},"content":{"rendered":"\t\t<div data-elementor-type=\"wp-post\" data-elementor-id=\"10086\" class=\"elementor elementor-10086\">\n\t\t\t\t\t\t<section class=\"elementor-section elementor-top-section elementor-element elementor-element-04cd64c elementor-section-boxed elementor-section-height-default elementor-section-height-default wpr-particle-no wpr-jarallax-no wpr-parallax-no wpr-sticky-section-no wpr-equal-height-no\" data-id=\"04cd64c\" data-element_type=\"section\" data-e-type=\"section\">\n\t\t\t\t\t\t<div class=\"elementor-container elementor-column-gap-default\">\n\t\t\t\t\t<div class=\"elementor-column elementor-col-100 elementor-top-column elementor-element elementor-element-c65dcfb\" data-id=\"c65dcfb\" data-element_type=\"column\" data-e-type=\"column\">\n\t\t\t<div class=\"elementor-widget-wrap elementor-element-populated\">\n\t\t\t\t\t\t<div class=\"elementor-element elementor-element-d168042 elementor-widget elementor-widget-text-editor\" data-id=\"d168042\" data-element_type=\"widget\" data-e-type=\"widget\" data-widget_type=\"text-editor.default\">\n\t\t\t\t<div class=\"elementor-widget-container\">\n\t\t\t\t\t\t\t\t\t<p>A produ\u00e7\u00e3o de bovinos para autoconsumo representa uma importante fonte de prote\u00edna animal para mais de 50 mil agricultores de Santa Catarina sendo que o abate destes animais gera um VBP de R$ 223 milh\u00f5es. N\u00e3o obstante sua relev\u00e2ncia econ\u00f4mica e social, o abate para consumo pr\u00f3prio n\u00e3o faz parte da maioria das estat\u00edsticas oficiais, o que invisibiliza a atividade e resulta na exist\u00eancia de poucos estudos sobre o tema. O presente artigo apresenta uma an\u00e1lise explorat\u00f3ria dos abates de bovinos para autoconsumo em Santa Catarina entre 2010 e 2019, buscando identificar as principais caracter\u00edsticas da atividade e avaliar as mudan\u00e7as ocorridas no per\u00edodo. Para isso, foram utilizados dados do cadastro de produtores e animais junto ao \u00f3rg\u00e3o de defesa agropecu\u00e1ria do estado. Verificou-se que, em 2010, o autoconsumo representava 17,7% do total de bovinos abatidos em Santa Catarina,\u00a0\u00a0<a href=\"https:\/\/docweb.epagri.sc.gov.br\/website_cepa\/Artigos\/Producao_de_bovinos_para_autoconsumo_em_Santa_Catarina.pdf\" target=\"_blank\" rel=\"noopener noreferrer\">Artigo na integra<\/a><\/p><p>Ano: 2020<\/p><p>Autor (es):<br \/>Alexandre Lu\u00eds Giehl \u2013 Epagri\/Cepa<br \/>M\u00e1rcia Mondardo \u2013 Epagri\/Cepa<\/p>\t\t\t\t\t\t\t\t<\/div>\n\t\t\t\t<\/div>\n\t\t\t\t\t<\/div>\n\t\t<\/div>\n\t\t\t\t\t<\/div>\n\t\t<\/section>\n\t\t\t\t<\/div>\n\t\t","protected":false},"excerpt":{"rendered":"<p>A produ\u00e7\u00e3o de bovinos para autoconsumo representa uma importante fonte de prote\u00edna animal para mais de 50 mil agricultores de Santa Catarina sendo que o abate destes animais gera um VBP de R$ 223 milh\u00f5es. N\u00e3o obstante sua relev\u00e2ncia econ\u00f4mica e social, o abate para consumo pr\u00f3prio n\u00e3o faz parte da maioria das estat\u00edsticas oficiais, o que invisibiliza a atividade e resulta na exist\u00eancia de poucos estudos sobre o tema. O presente artigo apresenta uma an\u00e1lise explorat\u00f3ria dos abates de bovinos para autoconsumo em Santa Catarina entre 2010 e 2019, buscando identificar as principais caracter\u00edsticas da atividade e avaliar as mudan\u00e7as ocorridas no per\u00edodo. Para isso, foram utilizados dados do cadastro de produtores e animais junto ao \u00f3rg\u00e3o de defesa agropecu\u00e1ria do estado. Verificou-se que, em 2010, o autoconsumo representava 17,7% do total de bovinos abatidos em Santa Catarina,&nbsp;&nbsp;Artigo na integra Ano: 2020 Autor (es): Alexandre Lu\u00eds Giehl \u2013 Epagri\/Cepa M\u00e1rcia Mondardo \u2013 Epagri\/Cepa<\/p>\n","protected":false},"author":3,"featured_media":0,"comment_status":"closed","ping_status":"closed","sticky":false,"template":"","format":"standard","meta":{"ocean_post_layout":"","ocean_both_sidebars_style":"","ocean_both_sidebars_content_width":0,"ocean_both_sidebars_sidebars_width":0,"ocean_sidebar":"0","ocean_second_sidebar":"0","ocean_disable_margins":"enable","ocean_add_body_class":"","ocean_shortcode_before_top_bar":"","ocean_shortcode_after_top_bar":"","ocean_shortcode_before_header":"","ocean_shortcode_after_header":"","ocean_has_shortcode":"","ocean_shortcode_after_title":"","ocean_shortcode_before_footer_widgets":"","ocean_shortcode_after_footer_widgets":"","ocean_shortcode_before_footer_bottom":"","ocean_shortcode_after_footer_bottom":"","ocean_display_top_bar":"default","ocean_display_header":"default","ocean_header_style":"","ocean_center_header_left_menu":"0","ocean_custom_header_template":"0","ocean_custom_logo":0,"ocean_custom_retina_logo":0,"ocean_custom_logo_max_width":0,"ocean_custom_logo_tablet_max_width":0,"ocean_custom_logo_mobile_max_width":0,"ocean_custom_logo_max_height":0,"ocean_custom_logo_tablet_max_height":0,"ocean_custom_logo_mobile_max_height":0,"ocean_header_custom_menu":"0","ocean_menu_typo_font_family":"0","ocean_menu_typo_font_subset":"","ocean_menu_typo_font_size":0,"ocean_menu_typo_font_size_tablet":0,"ocean_menu_typo_font_size_mobile":0,"ocean_menu_typo_font_size_unit":"px","ocean_menu_typo_font_weight":"","ocean_menu_typo_font_weight_tablet":"","ocean_menu_typo_font_weight_mobile":"","ocean_menu_typo_transform":"","ocean_menu_typo_transform_tablet":"","ocean_menu_typo_transform_mobile":"","ocean_menu_typo_line_height":0,"ocean_menu_typo_line_height_tablet":0,"ocean_menu_typo_line_height_mobile":0,"ocean_menu_typo_line_height_unit":"","ocean_menu_typo_spacing":0,"ocean_menu_typo_spacing_tablet":0,"ocean_menu_typo_spacing_mobile":0,"ocean_menu_typo_spacing_unit":"","ocean_menu_link_color":"","ocean_menu_link_color_hover":"","ocean_menu_link_color_active":"","ocean_menu_link_background":"","ocean_menu_link_hover_background":"","ocean_menu_link_active_background":"","ocean_menu_social_links_bg":"","ocean_menu_social_hover_links_bg":"","ocean_menu_social_links_color":"","ocean_menu_social_hover_links_color":"","ocean_disable_title":"default","ocean_disable_heading":"default","ocean_post_title":"","ocean_post_subheading":"","ocean_post_title_style":"","ocean_post_title_background_color":"","ocean_post_title_background":0,"ocean_post_title_bg_image_position":"","ocean_post_title_bg_image_attachment":"","ocean_post_title_bg_image_repeat":"","ocean_post_title_bg_image_size":"","ocean_post_title_height":0,"ocean_post_title_bg_overlay":0.5,"ocean_post_title_bg_overlay_color":"","ocean_disable_breadcrumbs":"default","ocean_breadcrumbs_color":"","ocean_breadcrumbs_separator_color":"","ocean_breadcrumbs_links_color":"","ocean_breadcrumbs_links_hover_color":"","ocean_display_footer_widgets":"default","ocean_display_footer_bottom":"default","ocean_custom_footer_template":"0","ocean_post_oembed":"","ocean_post_self_hosted_media":"","ocean_post_video_embed":"","ocean_link_format":"","ocean_link_format_target":"self","ocean_quote_format":"","ocean_quote_format_link":"post","ocean_gallery_link_images":"off","ocean_gallery_id":[],"footnotes":""},"categories":[11],"tags":[111],"class_list":["post-10086","post","type-post","status-publish","format-standard","hentry","category-artigos","tag-bovinos-autoconsumo-agricultura-familiar-carne-bovina-seguranca-alimentar-santa-catarina","entry"],"_links":{"self":[{"href":"https:\/\/cepa.epagri.sc.gov.br\/index.php\/wp-json\/wp\/v2\/posts\/10086","targetHints":{"allow":["GET"]}}],"collection":[{"href":"https:\/\/cepa.epagri.sc.gov.br\/index.php\/wp-json\/wp\/v2\/posts"}],"about":[{"href":"https:\/\/cepa.epagri.sc.gov.br\/index.php\/wp-json\/wp\/v2\/types\/post"}],"author":[{"embeddable":true,"href":"https:\/\/cepa.epagri.sc.gov.br\/index.php\/wp-json\/wp\/v2\/users\/3"}],"replies":[{"embeddable":true,"href":"https:\/\/cepa.epagri.sc.gov.br\/index.php\/wp-json\/wp\/v2\/comments?post=10086"}],"version-history":[{"count":5,"href":"https:\/\/cepa.epagri.sc.gov.br\/index.php\/wp-json\/wp\/v2\/posts\/10086\/revisions"}],"predecessor-version":[{"id":10092,"href":"https:\/\/cepa.epagri.sc.gov.br\/index.php\/wp-json\/wp\/v2\/posts\/10086\/revisions\/10092"}],"wp:attachment":[{"href":"https:\/\/cepa.epagri.sc.gov.br\/index.php\/wp-json\/wp\/v2\/media?parent=10086"}],"wp:term":[{"taxonomy":"category","embeddable":true,"href":"https:\/\/cepa.epagri.sc.gov.br\/index.php\/wp-json\/wp\/v2\/categories?post=10086"},{"taxonomy":"post_tag","embeddable":true,"href":"https:\/\/cepa.epagri.sc.gov.br\/index.php\/wp-json\/wp\/v2\/tags?post=10086"}],"curies":[{"name":"wp","href":"https:\/\/api.w.org\/{rel}","templated":true}]}}